{"id":2148,"date":"2008-10-19T17:34:00","date_gmt":"2008-10-19T23:34:00","guid":{"rendered":"http:\/\/livros.in.blog.br\/?p=110"},"modified":"2008-10-19T17:34:00","modified_gmt":"2008-10-19T23:34:00","slug":"assim-se-benze-em-minas-gerais","status":"publish","type":"post","link":"https:\/\/nalua.in\/blog\/assim-se-benze-em-minas-gerais\/","title":{"rendered":"Assim Se Benze em Minas Gerais"},"content":{"rendered":"<p style=\"text-align:justify;\"><a href=\"http:\/\/nalu.blog.br\/imagens\/livros\/assimsebenze.jpg\"><img loading=\"lazy\" decoding=\"async\" class=\"alignleft size-medium wp-image-109\" style=\"display:inline;float:left;width:170px;height:257px;\" title=\"assimsebenze\" src=\"http:\/\/nalu.blog.br\/imagens\/livros\/assimsebenze.jpg\" alt=\"\" width=\"170\" height=\"257\" \/><\/a> <strong>ASSIM SE BENZE EM MINAS GERAIS<\/strong>,<\/p>\n<p style=\"text-align:justify;\">de N\u00fabia Pereira de Magalh\u00e3es Gomes e Edimilson de Almeida Pereira<\/p>\n<p style=\"text-align:justify;\">&#8220;Assim se Benze em Minas Gerais&#8221; dos escritores N\u00fabia Pereira de Magalh\u00e3es Gomes e Edimilson de Almeida Pereira, recebeu a primeira men\u00e7\u00e3o honrosa no Concurso Nacional de Folclore S\u00ed\u00adlvio Romero\/FUNARTE, em 1987.<\/p>\n<p style=\"text-align:justify;\">O livro mostra a presen\u00e7a das caracter\u00ed\u00adsticas sagra-das nos tipos de benze\u00e7\u00f5es, revelando o lado m\u00ed\u00adtico do mineiro. N\u00fabia Pereira de Magalh\u00e3es Gomes \u00e9 professora de Ling\u00ed\u00bc\u00ed\u00adstica da UFJF e membro da Comiss\u00e3o Mineira de Folclore. Edimilson de Almeida Pereira \u00e9 mestrado em Literatura Portuguesa pela mesma universidade e poeta. A dupla de autores j\u00e1 publicou o livro &#8220;Negras Ra\u00ed\u00adzes Mineiras: os Arturos&#8221;.<\/p>\n<p style=\"text-align:justify;\">&#8220;Assim se Benze em Minas Gerais&#8221; tem grande import\u00e2ncia, pois valorizamos e somos fascinados com a arte de curar, especialidade das mulheres. O livro \u00e9 uma obra de f\u00f4lego, para aqueles que contribuem e acreditam no conhecimento global da medicina de Deus e dos mitos. \u00c9 antes de tudo \u00e9 um importante acervo para a cultura popular brasileira. Mazza Edi\u00e7\u00f5es<\/p>\n","protected":false},"excerpt":{"rendered":"<p>ASSIM SE BENZE EM MINAS GERAIS, de N\u00fabia Pereira de Magalh\u00e3es Gomes e Edimilson de Almeida Pereira &#8220;Assim se Benze em Minas Gerais&#8221; dos escritores N\u00fabia Pereira de Magalh\u00e3es Gomes e Edimilson de Almeida Pereira, recebeu a primeira men\u00e7\u00e3o honrosa no Concurso Nacional de Folclore S\u00ed\u00adlvio Romero\/FUNARTE, em 1987. O livro mostra a presen\u00e7a das &hellip; <a href=\"https:\/\/nalua.in\/blog\/assim-se-benze-em-minas-gerais\/\" class=\"more-link\">Continuar lendo <span class=\"screen-reader-text\">Assim Se Benze em Minas Gerais<\/span><\/a><\/p>\n","protected":false},"author":1,"featured_media":0,"comment_status":"open","ping_status":"open","sticky":false,"template":"","format":"standard","meta":{"footnotes":""},"categories":[30,75],"tags":[],"class_list":["post-2148","post","type-post","status-publish","format-standard","hentry","category-folclore","category-religiao"],"_links":{"self":[{"href":"https:\/\/nalua.in\/blog\/wp-json\/wp\/v2\/posts\/2148","targetHints":{"allow":["GET"]}}],"collection":[{"href":"https:\/\/nalua.in\/blog\/wp-json\/wp\/v2\/posts"}],"about":[{"href":"https:\/\/nalua.in\/blog\/wp-json\/wp\/v2\/types\/post"}],"author":[{"embeddable":true,"href":"https:\/\/nalua.in\/blog\/wp-json\/wp\/v2\/users\/1"}],"replies":[{"embeddable":true,"href":"https:\/\/nalua.in\/blog\/wp-json\/wp\/v2\/comments?post=2148"}],"version-history":[{"count":0,"href":"https:\/\/nalua.in\/blog\/wp-json\/wp\/v2\/posts\/2148\/revisions"}],"wp:attachment":[{"href":"https:\/\/nalua.in\/blog\/wp-json\/wp\/v2\/media?parent=2148"}],"wp:term":[{"taxonomy":"category","embeddable":true,"href":"https:\/\/nalua.in\/blog\/wp-json\/wp\/v2\/categories?post=2148"},{"taxonomy":"post_tag","embeddable":true,"href":"https:\/\/nalua.in\/blog\/wp-json\/wp\/v2\/tags?post=2148"}],"curies":[{"name":"wp","href":"https:\/\/api.w.org\/{rel}","templated":true}]}}