{"id":2142,"date":"2007-03-17T16:15:00","date_gmt":"2007-03-17T22:15:00","guid":{"rendered":"http:\/\/livros.in.blog.br\/2007\/a-estrutura-das-revolucoes-cientificas\/"},"modified":"2007-03-17T16:15:00","modified_gmt":"2007-03-17T22:15:00","slug":"a-estrutura-das-revolucoes-cientificas","status":"publish","type":"post","link":"https:\/\/nalua.in\/blog\/a-estrutura-das-revolucoes-cientificas\/","title":{"rendered":"A Estrutura Das Revolu\u00e7\u00f5es Cient\u00ed\u00adficas"},"content":{"rendered":"<div class=\"posttext\">\n<p style=\"text-align:center;\"><img loading=\"lazy\" decoding=\"async\" src=\"http:\/\/www.leituras.blogger.com.br\/estrurevcien.jpg\" style=\"display:inline;float:right;margin-bottom:10px;margin-left:10px;width:180px;height:312px;\" width=\"180\" height=\"312\" \/><\/p>\n<p>Cole\u00e7\u00e3o: DEBATES, 115<br \/>Autor: KUHN, THOMAS S.<br \/>Tradutor: BOEIRA, BEATRIZ VIANNA<br \/>Editora: PERSPECTIVA<br \/>Assunto: CIENCIAS\/FILOSOFIA E HISTORIA<br \/>ISBN : 8527301113<br \/>ISBN-13: 9788527301114<br \/>Livro em portugu\u00eas<br \/>Brochura<br \/>8\u00aa Edi\u00e7\u00e3o &#8211; 2003 &#8211; 264 p\u00e1g.<\/p>\n<div style=\"text-align:justify;\">Obra tida hoje como uma contribui\u00e7\u00e3o fundamental para o estudo da hist\u00f3ria das ci\u00eancias e das id\u00e9ias. \u00ed\u20ac sua luz, as revolu\u00e7\u00f5es sociotecnol\u00f3gicas e pol\u00ed\u00adticas do mundo moderno s\u00e3o reintegradas no processo estrutural espec\u00ed\u00adfico, assim como no contextual. Kuhn argumenta que a ci\u00eancia n\u00e3o \u00e9 estacion\u00e1ria, mas, ao contr\u00e1rio, &#8220;uma s\u00e9rie de interl\u00fadios pac\u00ed\u00adficos pontuados por revolu\u00e7\u00f5es intelectualmente violentas&#8221;.<\/div>\n<\/div>\n","protected":false},"excerpt":{"rendered":"<p>Cole\u00e7\u00e3o: DEBATES, 115Autor: KUHN, THOMAS S.Tradutor: BOEIRA, BEATRIZ VIANNAEditora: PERSPECTIVAAssunto: CIENCIAS\/FILOSOFIA E HISTORIAISBN : 8527301113ISBN-13: 9788527301114Livro em portugu\u00easBrochura8\u00aa Edi\u00e7\u00e3o &#8211; 2003 &#8211; 264 p\u00e1g. Obra tida hoje como uma contribui\u00e7\u00e3o fundamental para o estudo da hist\u00f3ria das ci\u00eancias e das id\u00e9ias. \u00ed\u20ac sua luz, as revolu\u00e7\u00f5es sociotecnol\u00f3gicas e pol\u00ed\u00adticas do mundo moderno s\u00e3o reintegradas no &hellip; <a href=\"https:\/\/nalua.in\/blog\/a-estrutura-das-revolucoes-cientificas\/\" class=\"more-link\">Continuar lendo <span class=\"screen-reader-text\">A Estrutura Das Revolu\u00e7\u00f5es Cient\u00ed\u00adficas<\/span><\/a><\/p>\n","protected":false},"author":1,"featured_media":0,"comment_status":"open","ping_status":"open","sticky":false,"template":"","format":"standard","meta":{"footnotes":""},"categories":[82],"tags":[],"class_list":["post-2142","post","type-post","status-publish","format-standard","hentry","category-sociologia"],"_links":{"self":[{"href":"https:\/\/nalua.in\/blog\/wp-json\/wp\/v2\/posts\/2142","targetHints":{"allow":["GET"]}}],"collection":[{"href":"https:\/\/nalua.in\/blog\/wp-json\/wp\/v2\/posts"}],"about":[{"href":"https:\/\/nalua.in\/blog\/wp-json\/wp\/v2\/types\/post"}],"author":[{"embeddable":true,"href":"https:\/\/nalua.in\/blog\/wp-json\/wp\/v2\/users\/1"}],"replies":[{"embeddable":true,"href":"https:\/\/nalua.in\/blog\/wp-json\/wp\/v2\/comments?post=2142"}],"version-history":[{"count":0,"href":"https:\/\/nalua.in\/blog\/wp-json\/wp\/v2\/posts\/2142\/revisions"}],"wp:attachment":[{"href":"https:\/\/nalua.in\/blog\/wp-json\/wp\/v2\/media?parent=2142"}],"wp:term":[{"taxonomy":"category","embeddable":true,"href":"https:\/\/nalua.in\/blog\/wp-json\/wp\/v2\/categories?post=2142"},{"taxonomy":"post_tag","embeddable":true,"href":"https:\/\/nalua.in\/blog\/wp-json\/wp\/v2\/tags?post=2142"}],"curies":[{"name":"wp","href":"https:\/\/api.w.org\/{rel}","templated":true}]}}