{"id":2139,"date":"2007-03-15T12:38:00","date_gmt":"2007-03-15T18:38:00","guid":{"rendered":"http:\/\/livros.in.blog.br\/2007\/livros-infantis\/"},"modified":"2007-03-15T12:38:00","modified_gmt":"2007-03-15T18:38:00","slug":"livros-infantis","status":"publish","type":"post","link":"https:\/\/nalua.in\/blog\/livros-infantis\/","title":{"rendered":"Livros Infantis"},"content":{"rendered":"<p><span style=\"text-decoration: underline;\"><strong>Veja lista completa de livros infantis indicados por especialistas<\/strong><\/span><br \/>\n<a href=\"http:\/\/nalu.in\/wp-content\/uploads\/2007\/03\/dva_skolaci.jpg\"><img loading=\"lazy\" decoding=\"async\" class=\"alignleft  wp-image-2238\" src=\"http:\/\/nalu.in\/wp-content\/uploads\/2007\/03\/dva_skolaci-1024x842.jpg\" alt=\"dva_skolaci\" width=\"260\" height=\"213\" \/><\/a><\/p>\n<div class=\"ad1\" style=\"text-align: justify;\">\n<a href=\"http:\/\/www1.folha.uol.com.br\/folha\/ilustrada\/ult90u70169.shtml\">da <strong>Folha de S.Paulo<\/strong><\/a><br \/>\nNo dia 18 de abril, \u00e9 tamb\u00e9m o anivers\u00e1rio do livro infantil. Para comemorar essa data t\u00e3o especial, a <strong>Folhinha<\/strong> pediu que 17 especialistas em literatura indicassem obras que n\u00e3o podem faltar na sua biblioteca. Ou seja, s\u00e3o livros que toda crian\u00e7a deve ler antes de virar adulto! A tarefa n\u00e3o foi nada f\u00e1cil, mas conhe\u00e7a, abaixo, os mais votados. No total, 88 livros foram selecionados.<br \/>\n<!--more--><br \/>\n<strong>&#8220;Alice no Pa\u00ed\u00ads das Maravilhas&#8221;<\/strong><br \/>\nDe Lewis Carroll, com tradu\u00e7\u00e3o de Ana Maria Machado<br \/>\nEditora \u00ed\u0081tica<br \/>\n<strong>&#8220;Bisa Bia, Bisa Bel&#8221;<\/strong><br \/>\nEscrito por Ana Maria Machado, com ilustra\u00e7\u00e3o de Regina Yolanda<br \/>\nEditora Salamandra<br \/>\n&nbsp;<br \/>\n<strong>&#8220;O Bichinho da Ma\u00e7\u00e3&#8221;<\/strong><br \/>\nDe Ziraldo<br \/>\nEditora Melhoramentos<br \/>\n<strong>&#8220;A Bolsa Amarela&#8221;<\/strong><br \/>\nDe Lygia Bojunga, com ilustra\u00e7\u00f5es de Marie Louise Nery<br \/>\nCasa Lygia Bojunga<br \/>\n<strong>&#8220;Chapeuzinho Amarelo&#8221;<\/strong><br \/>\nDe Chico Buarque, com ilustra\u00e7\u00f5es de Ziraldo<br \/>\nEditora Jos\u00e9 Olympio<br \/>\n<strong>&#8220;O G\u00eanio do Crime&#8221;<\/strong><br \/>\nDe Jo\u00e3o Carlos Marinho, com ilustra\u00e7\u00f5es de Maur\u00ed\u00adcio Negro<br \/>\nEditora Global<br \/>\n<strong>&#8220;Hist\u00f3rias Maravilhosas de Andersen&#8221;<\/strong><br \/>\nDe Hans Christian Andersen, com tradu\u00e7\u00e3o de Heloisa Jahn<br \/>\nCompanhia das Letrinhas<br \/>\n<strong>&#8220;Hist\u00f3ria Meio ao Contr\u00e1rio&#8221;<\/strong><br \/>\nDe Ana Maria Machado, com ilustra\u00e7\u00e3o de Renato Alarc\u00e3o<br \/>\nEditora \u00ed\u0081tica<br \/>\n<strong>&#8220;Menina Bonita do La\u00e7o de Fita&#8221;<\/strong><br \/>\nDe Ana Maria Machado, com ilustra\u00e7\u00f5es de Claudius<br \/>\nEditora \u00ed\u0081tica<br \/>\n<strong>&#8220;Ou Isto ou Aquilo&#8221;<\/strong><br \/>\nDe Cec\u00ed\u00adlia Meireles, com ilustra\u00e7\u00f5es de Thais Linhares<br \/>\nEditora Nova Fronteira<br \/>\n<strong>&#8220;O M\u00e1gico de Oz&#8221;<\/strong><br \/>\nDe Lyman Frank Baum<br \/>\nEditora \u00ed\u0081tica<br \/>\n<strong>&#8220;Reina\u00e7\u00f5es de Narizinho&#8221;<\/strong><br \/>\nDe Monteiro Lobato, com ilustra\u00e7\u00f5es de Manoel Victor Filho<br \/>\nEditora Brasiliense<br \/>\n<strong>&#8220;F\u00e1bulas&#8221;<\/strong><br \/>\nDe Monteiro Lobato, com ilustra\u00e7\u00f5es de Manoel Victor Filho<br \/>\nEditora Brasiliense<br \/>\n<strong>&#8220;Marcelo, Marmelo, Martelo e Outras Hist\u00f3rias&#8221;<\/strong><br \/>\nDe Ruth Rocha, com ilustra\u00e7\u00f5es de Adalberto Cornavaca<br \/>\nEditora Salamandra<br \/>\n<strong>&#8220;Sua Alteza, a Divinha &#8211; Um Conto do Nosso Folclore&#8221;<\/strong><br \/>\nDe Angela-Lago<br \/>\nEditora RHJ<br \/>\n<strong>&#8220;O Menino Maluquinho&#8221;<\/strong><br \/>\nDe Ziraldo<br \/>\nEditora Melhoramentos<br \/>\n<strong>&#8220;As Aventuras de Tom Sawyer&#8221;<\/strong><br \/>\nDe Mark Twain, com tradu\u00e7\u00e3o de Carlos Heitor Cony<br \/>\nEditora Ediouro<br \/>\n<strong>&#8220;A Arca de No\u00e9&#8221;<\/strong><br \/>\nDe Vin\u00ed\u00adcius de Moraes, com ilustra\u00e7\u00f5es de Nelson Cruz<br \/>\nDa Companhia das Letrinhas<br \/>\n<strong>&#8220;A Fada que Tinha Id\u00e9ias&#8221;<\/strong><br \/>\nDe Fernanda Lopes de Almeida, com ilustra\u00e7\u00f5es de Edu<br \/>\nEditora \u00ed\u0081tica<br \/>\n<strong>&#8220;Exerc\u00ed\u00adcios de Ser Crian\u00e7a&#8221;<\/strong><br \/>\nDe Manoel de Barros, com bordados de Ant\u00f4nia Zulma Diniz, \u00ed\u201angela, Marilu, Martha e S\u00e1via Dumont sobre desenhos de Dem\u00f3stenes<br \/>\nEditora Salamandra<br \/>\n<strong>&#8220;A Bruxinha Atrapalhada&#8221;<\/strong><br \/>\nDe Eva Furnari<br \/>\nEditora Global<br \/>\n<strong>&#8220;Contos de Grimm&#8221;<\/strong><br \/>\nDe Wilhelm e Jacob Grimm, com tradu\u00e7\u00e3o de Heloisa Jahn<br \/>\nCompanhia das Letrinhas<br \/>\n<strong>&#8220;Contos de Perrault&#8221;<\/strong><br \/>\nDe Perrault, com tradu\u00e7\u00e3o de Regina Regis Junqueira e ilustra\u00e7\u00f5es de Gustave Dor\u00e9<br \/>\nEditora Villa Rica<br \/>\n<strong>&#8220;Corda Bamba&#8221;<\/strong><br \/>\nDe Lygia Bojunga, com ilustra\u00e7\u00f5es de Regina Yolanda<br \/>\nCasa Lygia Bojunga<br \/>\n<strong>&#8220;De N\u00e3o em N\u00e3o&#8221;<\/strong><br \/>\nDe Bartolomeu Campos de Queir\u00f3z, com ilustra\u00e7\u00f5es de Gloria Campos e Paulo Bernardo Vaz<br \/>\nEditora Ibep Nacional<br \/>\n<strong>&#8220;Dengos e Carrancas de um Pasto&#8221;<\/strong><br \/>\nDe Jorge Miguel Marinho<br \/>\n<strong>&#8220;Di\u00e1rio de um Gato Assassino&#8221;<\/strong><br \/>\nDe Anne Fine, com tradu\u00e7\u00e3o de Mariana Rodrigues e ilustra\u00e7\u00f5es de Sof\u00ed\u00ada Balzola<br \/>\nEdi\u00e7\u00f5es SM<br \/>\n<strong>&#8220;Doze Reis e a Menina no Labirinto do Vento&#8221;<\/strong><br \/>\nDe Marina Colasanti<br \/>\nEditora Global<br \/>\n<strong>&#8220;Os Doze Trabalhos de H\u00e9rcules&#8221;<\/strong><br \/>\nDe Monteiro Lobato, com ilustra\u00e7\u00f5es de Manoel Victor Filho<br \/>\nEditora Brasiliense<br \/>\n<strong>&#8220;\u00c9 Isso Ali&#8221;<\/strong><br \/>\nDe Jos\u00e9 Paulo Paes, com ilustra\u00e7\u00f5es Walter Vasconcelos<br \/>\nEditora Salamandra<br \/>\n<strong>&#8220;Exerc\u00ed\u00adcios de Ser Crian\u00e7a&#8221;<\/strong><br \/>\nDe Manoel de Barros, com bordados de Ant\u00f4nia Zulma Diniz, \u00ed\u201angela, Marilu, Martha e S\u00e1via Dumont sobre desenhos de Dem\u00f3stenes<br \/>\nEditora Salamandra<br \/>\n<strong>&#8220;F\u00e1bulas&#8221;<\/strong><br \/>\nDe Monteiro Lobato, com ilustra\u00e7\u00f5es de Manoel Victor Filho<br \/>\nEditora Brasiliense<br \/>\n<strong>&#8220;Faca Afiada&#8221;<\/strong><br \/>\nDe Bartolomeu Campos de Queir\u00f3z, com ilustra\u00e7\u00f5es de Odilon Moraes<br \/>\nEditora Moderna<br \/>\n<strong>&#8220;A Fada que Tinha Id\u00e9ias&#8221;<\/strong><br \/>\nDe Fernanda Lopes de Almeida, com ilustra\u00e7\u00f5es de Edu<br \/>\nEditora \u00ed\u0081tica<br \/>\n<strong>&#8220;A Flor do Lado de L\u00e1&#8221;<\/strong><br \/>\nDe Roger Mello<br \/>\nEditora Global<br \/>\n<strong>&#8220;O G\u00eanio do Crime&#8221;<\/strong><br \/>\nDe Jo\u00e3o Carlos Marinho, com ilustra\u00e7\u00f5es de Maur\u00ed\u00adcio Negro<br \/>\nEditora Global<br \/>\n<strong>&#8220;Hist\u00f3rias de Bobos, Boc\u00f3s, Burraldos e Trapalh\u00f5es&#8221;<\/strong><br \/>\nDe Ricardo Azevedo<br \/>\nProjeto Editora<br \/>\n<strong>&#8220;Hist\u00f3rias Maravilhosas de Andersen&#8221;<\/strong><br \/>\nDe Hans Christian Andersen, com tradu\u00e7\u00e3o de Heloisa Jahn<br \/>\nCompanhia das Letrinhas<br \/>\n<strong>&#8220;Hist\u00f3ria Meio ao Contr\u00e1rio&#8221;<\/strong><br \/>\nDe Ana Maria Machado, com ilustra\u00e7\u00e3o de Renato Alarc\u00e3o<br \/>\nEditora \u00ed\u0081tica<br \/>\n<strong>&#8220;Um Homem no S\u00f3t\u00e3o&#8221;<\/strong><br \/>\nDe Ricardo Azevedo<br \/>\nEditora \u00ed\u0081tica<br \/>\n<strong>&#8220;Indez&#8221;<\/strong><br \/>\nDe Bartolomeu Campos de Queir\u00f3s<br \/>\nEditora Global<br \/>\n<strong>&#8220;Indo N\u00e3o Sei Aonde Buscar N\u00e3o Sei O Qu\u00ea&#8221;<\/strong><br \/>\nDe Angela-Lago<br \/>\nEditora RHJ<br \/>\n<strong>&#8220;Lin e o Outro Lado do Bambuzal&#8221;<\/strong><br \/>\nDe L\u00facia Hiratsuka<br \/>\nEdi\u00e7\u00f5es SM<br \/>\n<strong>&#8220;O M\u00e1gico de Oz&#8221;<\/strong><br \/>\nDe Lyman Frank Baum, com tradu\u00e7\u00e3o de Luciano Machado<br \/>\nEditora \u00ed\u0081tica<br \/>\n<strong>&#8220;A Maior Flor do Mundo&#8221;<\/strong><br \/>\nDe Jos\u00e9 Saramago, com ilustra\u00e7\u00f5es de Jo\u00e3o Caetano<br \/>\nCompanhia das Letrinhas<br \/>\n<strong>&#8220;Mania de Explica\u00e7\u00e3o&#8221;<\/strong><br \/>\nDe Adriana Falc\u00e3o, com ilustra\u00e7\u00f5es de Mariana Massarani<br \/>\nEditora Moderna<br \/>\n<strong>&#8220;Marcelo, Marmelo, Martelo e Outras Hist\u00f3rias&#8221;<\/strong><br \/>\nDe Ruth Rocha, com ilustra\u00e7\u00f5es de Adalberto Cornavaca<br \/>\nEditora Salamandra<br \/>\n<strong>&#8220;Mem\u00f3rias da Em\u00ed\u00adlia&#8221;<\/strong><br \/>\nDe Monteiro Lobato, com ilustra\u00e7\u00f5es de Manoel Victor Filho<br \/>\nEditora Brasiliense<br \/>\n<strong>&#8220;Menina Bonita do La\u00e7o de Fita&#8221;<\/strong><br \/>\nDe Ana Maria Machado, com ilustra\u00e7\u00f5es de Claudius<br \/>\nEditora \u00ed\u0081tica<br \/>\n<strong>&#8220;O Menino Maluquinho&#8221;<\/strong><br \/>\nDe Ziraldo<br \/>\nEditora Melhoramentos<br \/>\n<strong>&#8220;O Menino que Espiava pra Dentro&#8221;<\/strong><br \/>\nDe Ana Maria Machado, com ilustra\u00e7\u00f5es de Fl\u00e1via Savary<br \/>\nEditora Nova Fronteira<br \/>\n<strong>&#8220;O Menino Quadradinho&#8221;<\/strong><br \/>\nDe Ziraldo<br \/>\nEditora Melhoramentos<br \/>\n<strong>&#8220;Meninos do Mangue&#8221;<\/strong><br \/>\nDe Roger Mello<br \/>\nCompanhia das Letrinhas<br \/>\n<strong>&#8220;Meu Livro de Folclore&#8221;<\/strong><br \/>\nDe Ricardo Azevedo<br \/>\nEditora \u00ed\u0081tica<br \/>\n<strong>&#8220;As Mil e Uma Noites &#8211; Volumes 1 e 2&#8221;<\/strong><br \/>\nVers\u00e3o de Antoine Galland, com tradu\u00e7\u00e3o de Alberto Diniz<br \/>\nEditora Ediouro<br \/>\n<strong>&#8220;Os Miser\u00e1veis&#8221;<\/strong><br \/>\nDe Victor Hugo, com tradu\u00e7\u00e3o de Walcyr Carrasco<br \/>\nEditora FTD<br \/>\n<strong>&#8220;A Mo\u00e7a Tecel\u00e3&#8221;<\/strong><br \/>\nDe Marina Colasanti, com ilustra\u00e7\u00f5es de Dem\u00f3stenes Vargas<br \/>\nEditora Global<br \/>\n<strong>&#8220;N\u00e3o Olhe Atr\u00e1s da Porta&#8221;<\/strong><br \/>\nDe Lia Neiva<br \/>\nEditora Livro T\u00e9cnico<br \/>\n<strong>&#8220;As Narrativas Preferidas de um Contador de Hist\u00f3rias&#8221;<\/strong><br \/>\nDe Ilan Brenman, com ilustra\u00e7\u00f5es de Fernando Vilela<br \/>\nEditora Landy<br \/>\n<strong>&#8220;No Olho da Rua&#8221;<\/strong><br \/>\nDe Georgina Martins, com ilustra\u00e7\u00f5es de Nelson Cruz<br \/>\nEditora \u00ed\u0081tica<br \/>\n<strong>&#8220;Nossa Rua Tem um Problema&#8221;<\/strong><br \/>\nDe Ricardo Azevedo<br \/>\nEditora \u00ed\u0081tica<br \/>\n<strong>&#8220;O Olho de Vidro do Meu Av\u00f4&#8221;<\/strong><br \/>\nDe Bartolomeu Campos de Queir\u00f3s, com ilustra\u00e7\u00f5es de Pimenta Design<br \/>\nEditora Moderna<br \/>\n<strong>&#8220;Onde Tem Bruxa Tem Fada&#8221;<\/strong><br \/>\nDe Bartolomeu Campos Queir\u00f3s, com ilustra\u00e7\u00f5es de Suppa<br \/>\nEditora Moderna<br \/>\n<strong>&#8220;Ou Isto ou Aquilo&#8221;<\/strong><br \/>\nDe Cec\u00ed\u00adlia Meireles, com ilustra\u00e7\u00f5es de Thais Linhares<br \/>\nEditora Nova Fronteira<br \/>\n<strong>&#8220;Palavras, Palavrinhas e Palavr\u00f5es&#8221;<\/strong><br \/>\nDe Ana Maria Machado, com ilustra\u00e7\u00f5es de F\u00ea<br \/>\nEditora FTD<br \/>\n<strong>&#8220;Um Passarinho Me Contou&#8221;<\/strong><br \/>\nDe Jos\u00e9 Paulo Paes<br \/>\nEditora \u00ed\u0081tica<br \/>\n<strong>&#8220;P\u00e9 de Pil\u00e3o&#8221;<\/strong><br \/>\nDe M\u00e1rio Quintana<br \/>\nEditora \u00ed\u0081tica<br \/>\n<strong>&#8220;O Pequeno Nicolau&#8221;<\/strong><br \/>\nDe Ren\u00e9 Goscinny, com tradu\u00e7\u00e3o de Lu\u00ed\u00ads Lorenzo Rivera e ilustra\u00e7\u00f5es de Jean-Jacques Semp\u00e9<br \/>\nEditora Martins Fontes<br \/>\n<strong>&#8220;Perer\u00ea\u00ea\u00ea Poror\u00f3\u00f3\u00f3&#8221;<\/strong><br \/>\nDe Lenice Gomes, com ilustra\u00e7\u00f5es de Andr\u00e9 Neves<br \/>\nEditora DCL<br \/>\n<strong>&#8220;Peter Pan&#8221;<\/strong><br \/>\nDe James Barrie, com tradu\u00e7\u00e3o de Ana Maria Machado<br \/>\nEditora Salamandra<br \/>\n<strong>&#8220;O Picapau Amarelo&#8221;<\/strong><br \/>\nDe Monteiro Lobato, com ilustra\u00e7\u00f5es de Manoel Victor Filho<br \/>\nEditora Brasiliense<br \/>\n<strong>&#8220;Poemas para Brincar&#8221;<\/strong><br \/>\nDe Jos\u00e9 Paulo Paes<br \/>\nEditora \u00ed\u0081tica<br \/>\n<strong>&#8220;Poesia Fora da Estante&#8221; (volumes 1 e 2)<\/strong><br \/>\nDe Vera Aguiar, Sissa Jacoby e Simone Assump\u00e7\u00e3o (org.), com ilustra\u00e7\u00f5es de Laura Castilho (vol. 1) e Tatiana Sperhacke (vol.2)<br \/>\n<strong>Projeto Editora<\/strong><br \/>\n&#8220;(O) que os Olhos N\u00e3o V\u00eaem&#8221;<br \/>\nDe Ruth Rocha, com ilustra\u00e7\u00f5es de Carlos Brito<br \/>\nEditora Salamandra<br \/>\n<strong>&#8220;Raul da Ferrugem Azul&#8221;<\/strong><br \/>\nDe Ana Maria Machado, com ilustra\u00e7\u00f5es de Rosane Faria<br \/>\nEditora Salamandra<br \/>\n<strong>&#8220;Reina\u00e7\u00f5es de Narizinho&#8221;<\/strong><br \/>\nDe Monteiro Lobato, com ilustra\u00e7\u00f5es de Manoel Victor Filho<br \/>\nEditora Brasiliense<br \/>\n<strong>&#8220;Restos de Arco-\u00ed\u008dris&#8221;<\/strong><br \/>\nDe S\u00e9rgio Capparelli<br \/>\nEditora L&amp;PM<br \/>\n<strong>&#8220;Os Rios Morrem de Sede&#8221;<\/strong><br \/>\nDe Wander Piroli, com ilustra\u00e7\u00f5es de Rog\u00e9rio Borges<br \/>\nEditora Moderna<br \/>\n<strong>&#8220;Sabedoria das \u00ed\u0081guas&#8221;<\/strong><br \/>\nDe Daniel Munduruku, com ilustra\u00e7\u00f5es de Fernando Vilela<br \/>\nEditora Global<br \/>\n<strong>&#8220;Seis Vezes Lucas&#8221;<\/strong><br \/>\nDe Lygia Bojunga<br \/>\nCasa Lygia Bojunga<br \/>\n<strong>&#8220;O Sof\u00e1 Estampado&#8221;<\/strong><br \/>\nDe Lygia Bojunga Nunes, com ilustra\u00e7\u00f5es de Peter<br \/>\nCasa Lygia Bojunga<br \/>\n<strong>&#8220;Sua Alteza, a Divinha &#8211; Um Conto do Nosso Folclore&#8221;<\/strong><br \/>\nDe Angela-Lago<br \/>\nEditora RHJ<br \/>\n<strong>&#8220;A Televis\u00e3o da Bicharada&#8221;<\/strong><br \/>\nDe Sid\u00f4nio Muralha, com ilustra\u00e7\u00f5es de Cl\u00e1udia Scatamacchia<br \/>\nEditora Global<br \/>\n<strong>&#8220;Todo Cuidado \u00e9 Pouco!&#8221;<\/strong><br \/>\nDe Roger Mello<br \/>\nCompanhia das Letrinhas<br \/>\n<strong>&#8220;Viagem ao C\u00e9u&#8221;<\/strong><br \/>\nDe Monteiro Lobato, com ilustra\u00e7\u00f5es de Manoel Victor Filho<br \/>\nEditora Brasiliense<br \/>\n<strong>&#8220;A Vida \u00ed\u008dntima de Laura&#8221;<\/strong><br \/>\nDe Clarice Lispector, com ilustra\u00e7\u00f5es de Mariana Massarani<br \/>\nEditora Rocco<br \/>\n<strong>&#8220;A Vida e Outra Vida de Roberto do Diabo&#8221;<\/strong><br \/>\nDe Ricardo Azevedo<br \/>\n(fora de cat\u00e1logo)<br \/>\n<strong>Quem escolheu os livros<\/strong>:<br \/>\nAdriana Silene Vieira, 34, doutora em letras pela Unicamp (Universidade Estadual de Campinas); Ana Mariza Filipouski, 58, doutora em teoria<br \/>\nliter\u00e1ria e pesquisadora da UFRGS (Universidade Federal do Rio Grande do Sul); Cecil Jeanine Albert Zinani, coordenadora do curso de p\u00f3s-gradua\u00e7\u00e3o em literatura infanto-juvenil da Universidade de Caxias do Sul; Fl\u00e1via Brocchetto Ramos, 40, professora doutora da Universidade de Caxias do Sul e da Universidade de Santa Cruz do Sul; Gloria Pimentel Correia Botelho de Souza, 53, especialista em literatura infanto-juvenil brasileira pela UFRJ (Universidade Federal do Rio de Janeiro) e autora de &#8220;A Literatura Infanto-Juvenil Brasileira Vai Muito Bem, Obrigada!&#8221; (DCL); Juliana Loyola, 42, professora de literatura infanto-juvenil da PUC-SP (Pontif\u00ed\u00adcia Universidade Cat\u00f3lica de S\u00e3o Paulo); Juracy Assmann Saraiva, 60, p\u00f3s-doutora em teoria liter\u00e1ria e autora de &#8220;Literatura na Escola&#8221; (Artmed); Laura Sandroni, 73, mestre em literatura brasileira com especializa\u00e7\u00e3o em literatura infantil, fundadora e membro da FNLIJ (Funda\u00e7\u00e3o Nacional do Livro Infantil e Juvenil); Maria das Gra\u00e7as Monteiro Castro, 45, jurada da FNLIJ; Maria dos Prazeres Mendes, 58, professora doutora da USP (Universidade de S\u00e3o Paulo); Maria Jos\u00e9 Palo, professora da PUC-SP e co-autora e &#8220;Literatura Infantil: Voz de Crian\u00e7a&#8221; (\u00ed\u0081tica); Maria Rosa Duarte de Oliveira, professora da PUC-SP e co-autora de &#8220;Literatura Infantil: Voz de Crian\u00e7a&#8221; (editora \u00ed\u0081tica); Milena Ribeiro Martins, 34, doutora em literatura brasileira pela Unicamp; Peter O&#8217;Sagae, 37, assessor do PNLL (Plano Nacional do Livro e Leitura) e criador do site Dobras da Leitura (www.dobrasdaleitura.com); Regina Zilberman, 58, autora de &#8220;Como e Por Que Ler a Literatura Infantil Brasileira&#8221; (Objetiva); Rosa Maria Cuba Riche, 56, doutora em teoria liter\u00e1ria pela UFRJ e professora da UERJ (Universidade Estadual do Rio de Janeiro); Tania R\u00ed\u00b6sing, 59, coordenadora das Jornadas Liter\u00e1rias de Passo Fundo (RS).<br \/>\n<span class=\"tagline\">Cada especialista indicou uma lista com dez livros que julga importante para a forma\u00e7\u00e3o dos pequenos leitores<\/span>\n<\/div>\n<p><!--more--><br \/>\n<!--more--><br \/>\n<!--more--><br \/>\n<!--more--><br \/>\n<!--more--><br \/>\n<!--more--><br \/>\n<!--more--><br \/>\n<!--more--><br \/>\n<!--more--><br \/>\n<!--more--><br \/>\n<!--more--><br \/>\n<!--more--><br \/>\n<!--more--><br \/>\n<!--more--><br \/>\n<!--more--><br \/>\n<!--more--><br \/>\n<!--more--><br \/>\n<!--more--><br \/>\n<!--more--><br \/>\n<!--more--><br \/>\n<!--more--><br \/>\n<!--more--><br \/>\n<!--more--><br \/>\n<!--more--><br \/>\n<!--more--><\/p>\n<div id=\"-chrome-auto-translate-plugin-dialog\" style=\"opacity: 1 !important; background-image: initial !important; background-attachment: initial !important; background-origin: initial !important; background-clip: initial !important; background-color: transparent !important; position: absolute !important; top: 0; left: 0; overflow-x: visible !important; overflow-y: visible !important; z-index: 999999 !important; text-align: left !important; display: none; background-position: initial initial !important; background-repeat: initial initial !important; padding: 0!important; margin: 0!important;\">\n<div style=\"max-width: 300px !important; color: #fafafa !important; opacity: .8 !important; border-color: #000000!important; border-width: 0!important; -webkit-border-radius: 10px !important; background-color: #363636 !important; font-size: 16px !important; padding: 8px!important; overflow: visible !important; background-image: -webkit-gradient(linear,left top,right bottom,color-stop(0%,#000),color-stop(50%,#363636),color-stop(100%,#000)); z-index: 999999 !important; text-align: left !important;\"><\/div>\n<p><img decoding=\"async\" style=\"position: absolute !important; z-index: -1 !important; right: 1px !important; top: -20px !important; cursor: pointer !important; -webkit-border-radius: 20px; background-color: rgba(200,200,200,0.3) !important; padding: 3px 5px 0!important; margin: 0!important;\" src=\"http:\/\/www.google.com\/uds\/css\/small-logo.png\" alt=\"\" \/>\n<\/div>\n","protected":false},"excerpt":{"rendered":"<p>Veja lista completa de livros infantis indicados por especialistas da Folha de S.Paulo No dia 18 de abril, \u00e9 tamb\u00e9m o anivers\u00e1rio do livro infantil. Para comemorar essa data t\u00e3o especial, a Folhinha pediu que 17 especialistas em literatura indicassem obras que n\u00e3o podem faltar na sua biblioteca. Ou seja, s\u00e3o livros que toda crian\u00e7a &hellip; <a href=\"https:\/\/nalua.in\/blog\/livros-infantis\/\" class=\"more-link\">Continuar lendo <span class=\"screen-reader-text\">Livros Infantis<\/span><\/a><\/p>\n","protected":false},"author":1,"featured_media":0,"comment_status":"open","ping_status":"open","sticky":false,"template":"","format":"standard","meta":{"footnotes":""},"categories":[41,44],"tags":[],"class_list":["post-2139","post","type-post","status-publish","format-standard","hentry","category-listas","category-livros"],"_links":{"self":[{"href":"https:\/\/nalua.in\/blog\/wp-json\/wp\/v2\/posts\/2139","targetHints":{"allow":["GET"]}}],"collection":[{"href":"https:\/\/nalua.in\/blog\/wp-json\/wp\/v2\/posts"}],"about":[{"href":"https:\/\/nalua.in\/blog\/wp-json\/wp\/v2\/types\/post"}],"author":[{"embeddable":true,"href":"https:\/\/nalua.in\/blog\/wp-json\/wp\/v2\/users\/1"}],"replies":[{"embeddable":true,"href":"https:\/\/nalua.in\/blog\/wp-json\/wp\/v2\/comments?post=2139"}],"version-history":[{"count":0,"href":"https:\/\/nalua.in\/blog\/wp-json\/wp\/v2\/posts\/2139\/revisions"}],"wp:attachment":[{"href":"https:\/\/nalua.in\/blog\/wp-json\/wp\/v2\/media?parent=2139"}],"wp:term":[{"taxonomy":"category","embeddable":true,"href":"https:\/\/nalua.in\/blog\/wp-json\/wp\/v2\/categories?post=2139"},{"taxonomy":"post_tag","embeddable":true,"href":"https:\/\/nalua.in\/blog\/wp-json\/wp\/v2\/tags?post=2139"}],"curies":[{"name":"wp","href":"https:\/\/api.w.org\/{rel}","templated":true}]}}