{"id":2138,"date":"2007-02-25T12:21:00","date_gmt":"2007-02-25T18:21:00","guid":{"rendered":"http:\/\/livros.in.blog.br\/2007\/nao-sou-uma-so\/"},"modified":"2007-02-25T12:21:00","modified_gmt":"2007-02-25T18:21:00","slug":"nao-sou-uma-so","status":"publish","type":"post","link":"https:\/\/nalua.in\/blog\/nao-sou-uma-so\/","title":{"rendered":"N\u00e3o Sou Uma S\u00f3"},"content":{"rendered":"<p><span style=\"text-align: justify;\"><br \/>\n<a href=\"http:\/\/nalu.in\/wp-content\/uploads\/2007\/02\/naosouumaso.jpg\"><img loading=\"lazy\" decoding=\"async\" class=\"wp-image-2211 alignright\" src=\"http:\/\/nalu.in\/wp-content\/uploads\/2007\/02\/naosouumaso.jpg\" alt=\"naosouumaso\" width=\"231\" height=\"321\" srcset=\"https:\/\/nalua.in\/blog\/wp-content\/uploads\/2007\/02\/naosouumaso.jpg 360w, https:\/\/nalua.in\/blog\/wp-content\/uploads\/2007\/02\/naosouumaso-216x300.jpg 216w\" sizes=\"auto, (max-width: 231px) 100vw, 231px\" \/><\/a><strong>N\u00e3o sou uma S\u00f3: Di\u00e1rio de Uma bipolar &#8211; \u00c2\u00a0Marina W.<\/strong><\/span><br \/>\n<span style=\"text-align: justify;\">n<\/span><span style=\"text-align: justify;\">\u00c2\u00ba de p\u00e1ginas: 224<\/span><\/p>\n<p style=\"text-align: justify;\">formato: 14 x 21<br \/>\nISBN: 000.85.209.1954-5<\/p>\n<p style=\"text-align: justify;\">A partir de sua experi\u00eancia pessoal, a escritora e jornalista Marina W. faz um relato detalhado sobre os altos e baixos na vida dos que sofrem de transtorno bipolar, doen\u00e7a geralmente n\u00e3o assumida por quem a tem, e incompreendida por quem n\u00e3o a conhece de perto.<\/p>\n<p style=\"text-align: justify;\">J\u00e1 n\u00e3o \u00e9 segredo que os cineastas Francis Ford Coppola, Tim Burton e Lars Von Trier, os atores Elizabeth Taylor e Jim Carrey e os cantores e compositores Tom Waits, Robbie Williams e Axl Rose sofrem de transtorno afetivo bipolar. O artista surrealista Salvador Dali, a atriz Marilyn Monroe e o cantor Elvis Presley tamb\u00e9m eram bipolares, mas, em sua \u00e9poca, a doen\u00e7a era equivocadamente chamada de psicose man\u00ed\u00adaco-depressiva. Hoje considerada a &#8220;doen\u00e7a da moda&#8221;, ela ainda \u00e9 mal compreendida por muita gente, mas j\u00e1 afeta 14 milh\u00f5es de brasileiros, segundo reportagem publicada recentemente pelo jornal O Estado de S.Paulo.<\/p>\n<p>Clique <a href=\"http:\/\/www.novafronteira.com.br\/_conteudo\/capitulos\/69_bipolar_final.pdf\" target=\"_blank\" rel=\"noopener\">aqui<\/a> e leia o primeiro cap\u00ed\u00adtulo<br \/>\n<strong><span style=\"color: #660000;\"><em><span style=\"font-size: 12px; font-family: times new roman, times;\">***Livro todo lido. Conclu\u00ed\u00addo em 25\/02\/07<\/span><\/em><\/span><\/strong><\/p>\n","protected":false},"excerpt":{"rendered":"<p>N\u00e3o sou uma S\u00f3: Di\u00e1rio de Uma bipolar &#8211; \u00c2\u00a0Marina W. n\u00c2\u00ba de p\u00e1ginas: 224 formato: 14 x 21 ISBN: 000.85.209.1954-5 A partir de sua experi\u00eancia pessoal, a escritora e jornalista Marina W. faz um relato detalhado sobre os altos e baixos na vida dos que sofrem de transtorno bipolar, doen\u00e7a geralmente n\u00e3o assumida por &hellip; <a href=\"https:\/\/nalua.in\/blog\/nao-sou-uma-so\/\" class=\"more-link\">Continuar lendo <span class=\"screen-reader-text\">N\u00e3o Sou Uma S\u00f3<\/span><\/a><\/p>\n","protected":false},"author":1,"featured_media":0,"comment_status":"open","ping_status":"open","sticky":false,"template":"","format":"standard","meta":{"footnotes":""},"categories":[13,38,39,44],"tags":[],"class_list":["post-2138","post","type-post","status-publish","format-standard","hentry","category-biografia","category-leituras","category-lendo","category-livros"],"_links":{"self":[{"href":"https:\/\/nalua.in\/blog\/wp-json\/wp\/v2\/posts\/2138","targetHints":{"allow":["GET"]}}],"collection":[{"href":"https:\/\/nalua.in\/blog\/wp-json\/wp\/v2\/posts"}],"about":[{"href":"https:\/\/nalua.in\/blog\/wp-json\/wp\/v2\/types\/post"}],"author":[{"embeddable":true,"href":"https:\/\/nalua.in\/blog\/wp-json\/wp\/v2\/users\/1"}],"replies":[{"embeddable":true,"href":"https:\/\/nalua.in\/blog\/wp-json\/wp\/v2\/comments?post=2138"}],"version-history":[{"count":0,"href":"https:\/\/nalua.in\/blog\/wp-json\/wp\/v2\/posts\/2138\/revisions"}],"wp:attachment":[{"href":"https:\/\/nalua.in\/blog\/wp-json\/wp\/v2\/media?parent=2138"}],"wp:term":[{"taxonomy":"category","embeddable":true,"href":"https:\/\/nalua.in\/blog\/wp-json\/wp\/v2\/categories?post=2138"},{"taxonomy":"post_tag","embeddable":true,"href":"https:\/\/nalua.in\/blog\/wp-json\/wp\/v2\/tags?post=2138"}],"curies":[{"name":"wp","href":"https:\/\/api.w.org\/{rel}","templated":true}]}}