{"id":2093,"date":"2011-12-31T23:31:27","date_gmt":"2012-01-01T01:31:27","guid":{"rendered":"http:\/\/levezadoser.blog.br\/?p=1022"},"modified":"2011-12-31T23:31:27","modified_gmt":"2012-01-01T01:31:27","slug":"dezembro","status":"publish","type":"post","link":"https:\/\/nalua.in\/blog\/dezembro\/","title":{"rendered":"Os meus olhos t\u00eam a fome do horizonte"},"content":{"rendered":"<p><a href=\"http:\/\/nalu.in\/wp-content\/uploads\/2011\/12\/dreams.jpg\"><img loading=\"lazy\" decoding=\"async\" class=\"alignleft wp-image-2498\" src=\"http:\/\/nalu.in\/wp-content\/uploads\/2011\/12\/dreams.jpg\" alt=\"dreams\" width=\"346\" height=\"266\" srcset=\"https:\/\/nalua.in\/blog\/wp-content\/uploads\/2011\/12\/dreams.jpg 500w, https:\/\/nalua.in\/blog\/wp-content\/uploads\/2011\/12\/dreams-300x230.jpg 300w\" sizes=\"auto, (max-width: 346px) 100vw, 346px\" \/><\/a><\/p>\n<p style=\"text-align: center;\"><strong><em>Ser capaz, como um rio<\/em><\/strong><br \/>\n<strong> <em> que leva sozinho<\/em><\/strong><br \/>\n<strong> <em> a canoa que se cansa,<\/em><\/strong><br \/>\n<strong> <em> de servir de caminho<\/em><\/strong><br \/>\n<strong> <em> para a esperan\u00e7a.<\/em><\/strong><br \/>\n<strong> <em> E de lavar do l\u00ed\u00admpido<\/em><\/strong><br \/>\n<strong> <em> a m\u00e1goa da mancha,<\/em><\/strong><br \/>\n<strong> <em> como o rio que leva e lava.<\/em><\/strong><\/p>\n<p style=\"text-align: center;\"><strong><em>Crescer para entregar<\/em><\/strong><br \/>\n<strong> <em> na dist\u00e2ncia calada<\/em><\/strong><br \/>\n<strong> <em> um poder de can\u00e7\u00e3o,<\/em><\/strong><br \/>\n<strong> <em> como o rio decifra<\/em><\/strong><br \/>\n<strong> <em> o segredo do ch\u00e3o.<\/em><\/strong><\/p>\n<p style=\"text-align: center;\"><em>Thiago de Mello<\/em><\/p>\n<p>=====<\/p>\n<p style=\"text-align: justify;\">Dezembro foi como esse ano todo, mas em escala aumentada. Um m\u00eas rico, bem rico, cheio de coisas, como \u00e9 normal mesmo em dezembro. Eu tiro f\u00e9rias em dezembro por uma s\u00e9rie de motivos, mas a verdade \u00e9 que dezembro passa r\u00e1pido demais. Mas foi um m\u00eas muito bom, muito mesmo, como todo 2011, n\u00e3o posso reclamar. Eu li uns 28 livros, vi mais de sessenta filmes, conheci um pa\u00ed\u00ads novo, viajei mais que outros anos, fiz 40 anos, encontrei bastante os amigos, tive amizade, amor, carinho, meus filhos est\u00e3o com sa\u00fade, foi o ano que eu menos me estressei com meu trabalho, por incr\u00ed\u00advel que pare\u00e7a. \u00c9 um saldo maravilhoso e se continuar assim em 2012 j\u00e1 est\u00e1\u00c2\u00a0\u00f3timo\u00c2\u00a0para o meu umbiguinho.<\/p>\n<p style=\"text-align: justify;\">Claro que aconteceram coisas ruins, eu voltei a fumar (<em>shame on me<\/em>), perdi minha empregada de anos, continuo imensamente gorda, e <em>otras cositas m\u00e1s,<\/em> mas&#8230; Ainda assim o ano foi muito bom, espero que 2012 continue o ritmo.<\/p>\n<p style=\"text-align: justify;\">No assunto que era pra ser (mas j\u00e1 n\u00e3o \u00e9 mais h\u00e1 muito tempo) o principal desse blog, tamb\u00e9m tive algum ganho pouco, emagreci 12 quilos, mas ganhei outro tanto, e agora nesse momento t\u00f4 gorda de novo. N\u00e3o tanto, mas estou MUITO ainda. Mas consegui fechar uma lista de 101 coisas em 1001 dias e vou recome\u00e7ar uma dieta a qualquer momento contando de agora. N\u00e3o vou entrar em mais nenhuma conversa sobre isso, porque j\u00e1 deixou de fazer sentido e ficou s\u00f3 o pat\u00e9tico.<\/p>\n<p style=\"text-align: justify;\">=====<\/p>\n<p style=\"text-align: justify;\">Essas listas de coisas do m\u00eas podem ser bobas e pedantes e qualquer outro adjetivo desabonador a\u00ed\u00ad. Mas nossa, como elas enriqueceram o meu ano, viu? Mesmo, porque hoje eu tamb\u00e9m t\u00f4 nessa vibe, claro de <em>Viver Para Cont\u00e1-la<\/em>, tamb\u00e9m quero isso, viver para listar, fotografar e ver ali. Eu tamb\u00e9m estou no esp\u00ed\u00adrito do meu tempo, fotografar para viver, viver para contar, contar para publicar. N\u00e3o tem jeito, fui apanhada (apesar do avan\u00e7ado da idade), na mesma onda. E eu vou com ela, \u00ed\u00a0s vezes reflito, \u00ed\u00a0s vezes vou com a onda. Mas o fato \u00e9 que , quando eu comecei a catalogar as coisas, eu tive vontade de fazer cada vez mais coisas, de viver mais, e isso \u00e9 parte tamb\u00e9m do que eu acho que enriquece a MINHA vida.<\/p>\n<p style=\"text-align: justify;\">=====<\/p>\n<p style=\"text-align: justify;\">N\u00e3o sei se vou continuar escrevendo sobre dieta nesse blog esse ano, j\u00e1 estou no da recapitula\u00e7\u00e3o di\u00e1ria, que \u00e9 outra coisa que me faz muito bem, embora eu tenha esquecido dela por algumas bastante vezes, e n\u00e3o sei se vai rolar. Talvez aqui continue como foi esse ano, s\u00f3 com essas listas mesmo. E acho que vou excluir todas as outras postagens. Come\u00e7ar do zero em 2012.<\/p>\n<p style=\"text-align: justify;\">=====<\/p>\n<p style=\"text-align: justify;\">Pois \u00e9, gostei de dezembro. A vida bem podia ser um grande dezembro.<\/p>\n<div style=\"background-color: white; font-family: Arial, Helvetica, sans-serif; font-size: 13px; margin: 8px;\">\n<div style=\"font-family: 'Times New Roman'; font-size: medium;\">\n<div>\n<div>Filmes<\/div>\n<ul>\n<li>A Fita Branca<\/li>\n<li>Minhas Tardes com Margueritte<\/li>\n<li>O Porco Espinho<\/li>\n<li>Cerejeiras em Flor<\/li>\n<li>Na Idade da Inoc\u00eancia<\/li>\n<li>Um Conto Chin\u00eas<\/li>\n<li>C\u00f3pia Fiel<\/li>\n<li>O Segredo dos Seus Olhos<\/li>\n<li>Noite de Ano Novo<\/li>\n<\/ul>\n<div>S\u00e9ries<\/div>\n<div>\n<ul>\n<li>Prime suspect<\/li>\n<li>Homeland<\/li>\n<li>Enlightened<\/li>\n<\/ul>\n<\/div>\n<div>\n<div>Livros<\/div>\n<ul>\n<li>Mem\u00f3ria Inventada<\/li>\n<li>O Andar do B\u00eabado (lendo)<\/li>\n<li>Complexo de Portnoy<\/li>\n<li>O Livro do Riso e do Esquecimento (revis\u00e3o. Pronto)<\/li>\n<li>Amada (lendo e digitalizando)<\/li>\n<li>Europa de Cinema<\/li>\n<\/ul>\n<div>Acontecimentos<\/div>\n<ul>\n<li>Amigo Secreto<\/li>\n<li>Confraria<\/li>\n<li>Almo\u00e7o com a D\u00ea e troca de presentes<\/li>\n<li>F\u00e9rias!!!<\/li>\n<li>Almo\u00e7o Isa e F\u00ea<\/li>\n<li>Sorvete \u00ed\u00a0 tardinha<\/li>\n<li>Quase-presente do pai<\/li>\n<li>Cinema e japa<\/li>\n<li>Natal<\/li>\n<li>Anivers\u00e1rio do Rada (um dos melhores!)<\/li>\n<li>Ceia de Ano Novo<\/li>\n<li>Fechei a lista de 101 coisas em um dia. Vai de 01\/01\/2012 at\u00e9 27\/09\/2014<\/li>\n<\/ul>\n<div>\n<div>Cozinha<\/div>\n<div>\n<ul>\n<li><span style=\"background-color: white;\">Sobremesas do Natal<\/span><\/li>\n<li><span style=\"background-color: white;\">Ceia de Ano Novo<\/span><\/li>\n<\/ul>\n<\/div>\n<\/div>\n<\/div>\n<\/div>\n<\/div>\n<\/div>\n<div>\n<div>\n<div>=====<\/div>\n<div><\/div>\n<div><\/div>\n<\/div>\n<\/div>\n","protected":false},"excerpt":{"rendered":"<p>Ser capaz, como um rio que leva sozinho a canoa que se cansa, de servir de caminho para a esperan\u00e7a. E de lavar do l\u00ed\u00admpido a m\u00e1goa da mancha, como o rio que leva e lava. Crescer para entregar na dist\u00e2ncia calada um poder de can\u00e7\u00e3o, como o rio decifra o segredo do ch\u00e3o. Thiago &hellip; <a href=\"https:\/\/nalua.in\/blog\/dezembro\/\" class=\"more-link\">Continuar lendo <span class=\"screen-reader-text\">Os meus olhos t\u00eam a fome do horizonte<\/span><\/a><\/p>\n","protected":false},"author":1,"featured_media":0,"comment_status":"open","ping_status":"open","sticky":false,"template":"","format":"standard","meta":{"footnotes":""},"categories":[52],"tags":[103],"class_list":["post-2093","post","type-post","status-publish","format-standard","hentry","category-mensalinho","tag-mensalinho"],"_links":{"self":[{"href":"https:\/\/nalua.in\/blog\/wp-json\/wp\/v2\/posts\/2093","targetHints":{"allow":["GET"]}}],"collection":[{"href":"https:\/\/nalua.in\/blog\/wp-json\/wp\/v2\/posts"}],"about":[{"href":"https:\/\/nalua.in\/blog\/wp-json\/wp\/v2\/types\/post"}],"author":[{"embeddable":true,"href":"https:\/\/nalua.in\/blog\/wp-json\/wp\/v2\/users\/1"}],"replies":[{"embeddable":true,"href":"https:\/\/nalua.in\/blog\/wp-json\/wp\/v2\/comments?post=2093"}],"version-history":[{"count":0,"href":"https:\/\/nalua.in\/blog\/wp-json\/wp\/v2\/posts\/2093\/revisions"}],"wp:attachment":[{"href":"https:\/\/nalua.in\/blog\/wp-json\/wp\/v2\/media?parent=2093"}],"wp:term":[{"taxonomy":"category","embeddable":true,"href":"https:\/\/nalua.in\/blog\/wp-json\/wp\/v2\/categories?post=2093"},{"taxonomy":"post_tag","embeddable":true,"href":"https:\/\/nalua.in\/blog\/wp-json\/wp\/v2\/tags?post=2093"}],"curies":[{"name":"wp","href":"https:\/\/api.w.org\/{rel}","templated":true}]}}