{"id":2088,"date":"2011-11-01T16:29:02","date_gmt":"2011-11-01T18:29:02","guid":{"rendered":"http:\/\/levezadoser.blog.br\/?p=1005"},"modified":"2011-11-01T16:29:02","modified_gmt":"2011-11-01T18:29:02","slug":"nao-e-de-fora-que-a-nave-vem","status":"publish","type":"post","link":"https:\/\/nalua.in\/blog\/nao-e-de-fora-que-a-nave-vem\/","title":{"rendered":"N\u00e3o \u00e9 de fora que a nave vem"},"content":{"rendered":"<div>\n<div style=\"text-align:justify;\">\n<figure id=\"attachment_1006\" aria-describedby=\"caption-attachment-1006\" style=\"width: 300px\" class=\"wp-caption alignleft\"><img loading=\"lazy\" decoding=\"async\" class=\"size-medium wp-image-1006 \" title=\"wakeup\" src=\"http:\/\/levezadoser.blog.br\/arquivos\/2011\/11\/wakeup-300x240.jpg\" alt=\"\" width=\"300\" height=\"240\" \/><figcaption id=\"caption-attachment-1006\" class=\"wp-caption-text\">De I can read<\/figcaption><\/figure>\n<\/div>\n<div style=\"text-align:justify;\">\n<div style=\"text-align:center;\"><em>&#8220;Mas n\u00e3o quero resposta, quero ficar s\u00f3. Gosto muito das pessoas, mas essa necessidade voraz que \u00ed\u00a0s vezes me vem de me libertar de todos. Enrique\u00e7o na solid\u00e3o: fico inteligente, graciosa e n\u00e3o esta feia ressentida que me olha no fundo do espelho. Ou\u00e7o duzentas e noventa e nove vezes o mesmo disco, lembro poesias, dou piruetas, sonho, invento, abro todos os port\u00f5es e, quando vejo, a alegria est\u00e1 instalada em mim.&#8221;<\/em><\/div>\n<p>&nbsp;<\/p>\n<div style=\"text-align:center;\">&#8220;As meninas&#8221; &#8211; Lygia Fagundes Telles<\/div>\n<p>&nbsp;<\/p>\n<div style=\"text-align:center;\">=====<\/div>\n<\/div>\n<div style=\"text-align:justify;\">Outubro\u00c2\u00a0foi o\u00c2\u00a0m\u00eas\u00c2\u00a0que eu estive mergulhada no tema Holocausto. N\u00e3o sei porque, n\u00e3o fa\u00e7o\u00c2\u00a0ideia\u00c2\u00a0de tanto que me deu vontade de ler e ver sobre isso. Tamb\u00e9m aprendi mais sobre o assunto e sobre a segunda guerra que em toda vida. N\u00e3o que algo fosse exatamente novidade, mas foi bom ver isso de novo. Quer dizer, bom n\u00e3o n\u00e9? \u00c9 muito deprimente, \u00e9 al\u00e9m da minha compreens\u00e3o.<\/div>\n<p><strong>Filmes\/Seriados\/Document\u00e1rios<\/strong><\/p>\n<ul>\n<li>Tinha que ser voc\u00ea<\/li>\n<li>O Ano em que Meus Pais Sa\u00ed\u00adram de F\u00e9rias<\/li>\n<li>A Chave de Sarah<\/li>\n<li>Rompendo o sil\u00eancio<\/li>\n<li>Minha Luta<\/li>\n<li>Kiriku e a Feiticieira<\/li>\n<li>Os Nazistas, um aviso da Hist\u00f3ria<\/li>\n<\/ul>\n<p><strong>S\u00e9ries<\/strong><\/p>\n<div>\n<ul>\n<li>Warehouse13<\/li>\n<li>Person of Interest<\/li>\n<li>The Big C<\/li>\n<\/ul>\n<\/div>\n<div>\n<strong>Livros<\/strong><\/p>\n<ul>\n<li>\u00c9 Isto um Homem?<\/li>\n<li>Minha Querida Sputnik<\/li>\n<li>A Chave de Sarah<\/li>\n<li>Projeto Felicidade (lendo)<\/li>\n<li>Modernidade e Holocausto (lendo)<\/li>\n<li>V\u00e1 aonde seu cora\u00e7\u00e3o mandar (releitura)<\/li>\n<\/ul>\n<p><strong>Acontecimentos<\/strong><\/p>\n<ul>\n<li>Almo\u00e7o liter\u00e1rio<\/li>\n<li>Japa<\/li>\n<li>Confraria e restaurante espanhol<\/li>\n<li>Noite de aut\u00f3grafos do Tat\u00e1<\/li>\n<li>Voltei pra dieta aos 45 do segundo tempo. o\/<\/li>\n<\/ul>\n<div>\n<strong>Cozinha<\/strong><\/p>\n<ul>\n<li>Bolo com ganache<\/li>\n<li>Lasanha<\/li>\n<\/ul>\n<div>=====<\/div>\n<\/div>\n<\/div>\n<p><strong><em>S\u00f3 o amor importa<\/em><\/strong><br \/>\n<img decoding=\"async\" src=\"http:\/\/lh4.ggpht.com\/-r31xRdVj4Dc\/TpNIzuiiMNI\/AAAAAAAAEZI\/V4KuOJi3Q84\/2011-10-02%25252021.53.43.png\" alt=\"\" \/>\n<\/div>\n","protected":false},"excerpt":{"rendered":"<p>&#8220;Mas n\u00e3o quero resposta, quero ficar s\u00f3. Gosto muito das pessoas, mas essa necessidade voraz que \u00ed\u00a0s vezes me vem de me libertar de todos. Enrique\u00e7o na solid\u00e3o: fico inteligente, graciosa e n\u00e3o esta feia ressentida que me olha no fundo do espelho. Ou\u00e7o duzentas e noventa e nove vezes o mesmo disco, lembro poesias, &hellip; <a href=\"https:\/\/nalua.in\/blog\/nao-e-de-fora-que-a-nave-vem\/\" class=\"more-link\">Continuar lendo <span class=\"screen-reader-text\">N\u00e3o \u00e9 de fora que a nave vem<\/span><\/a><\/p>\n","protected":false},"author":1,"featured_media":0,"comment_status":"open","ping_status":"open","sticky":false,"template":"","format":"standard","meta":{"footnotes":""},"categories":[19],"tags":[],"class_list":["post-2088","post","type-post","status-publish","format-standard","hentry","category-diarinho"],"_links":{"self":[{"href":"https:\/\/nalua.in\/blog\/wp-json\/wp\/v2\/posts\/2088","targetHints":{"allow":["GET"]}}],"collection":[{"href":"https:\/\/nalua.in\/blog\/wp-json\/wp\/v2\/posts"}],"about":[{"href":"https:\/\/nalua.in\/blog\/wp-json\/wp\/v2\/types\/post"}],"author":[{"embeddable":true,"href":"https:\/\/nalua.in\/blog\/wp-json\/wp\/v2\/users\/1"}],"replies":[{"embeddable":true,"href":"https:\/\/nalua.in\/blog\/wp-json\/wp\/v2\/comments?post=2088"}],"version-history":[{"count":0,"href":"https:\/\/nalua.in\/blog\/wp-json\/wp\/v2\/posts\/2088\/revisions"}],"wp:attachment":[{"href":"https:\/\/nalua.in\/blog\/wp-json\/wp\/v2\/media?parent=2088"}],"wp:term":[{"taxonomy":"category","embeddable":true,"href":"https:\/\/nalua.in\/blog\/wp-json\/wp\/v2\/categories?post=2088"},{"taxonomy":"post_tag","embeddable":true,"href":"https:\/\/nalua.in\/blog\/wp-json\/wp\/v2\/tags?post=2088"}],"curies":[{"name":"wp","href":"https:\/\/api.w.org\/{rel}","templated":true}]}}