{"id":2085,"date":"2011-08-15T20:21:30","date_gmt":"2011-08-15T22:21:30","guid":{"rendered":"http:\/\/levezadoser.blog.br\/?p=985"},"modified":"2011-08-15T20:21:30","modified_gmt":"2011-08-15T22:21:30","slug":"julho","status":"publish","type":"post","link":"https:\/\/nalua.in\/blog\/julho\/","title":{"rendered":"Julho"},"content":{"rendered":"<p style=\"text-align:justify;\"><a href=\"http:\/\/fotos.in.blog.br\/RecantodoMarreco\/\"><img loading=\"lazy\" decoding=\"async\" class=\"alignleft\" style=\"margin:10px 5px;\" title=\"Betim\" src=\"http:\/\/fotos.in.blog.br\/RecantodoMarreco\/images\/betim0007.jpg\" alt=\"\" width=\"360\" height=\"360\" \/><\/a><\/p>\n<p style=\"text-align:justify;\">Me dei conta que agosto passa do meio e eu n\u00e3o coloquei aqui ainda as coisas de julho. Isso mostra meu\u00c2\u00a0des\u00e2nimo\u00c2\u00a0crescente, minha in\u00e9rcia&#8230; \u00c2\u00a0Outra ora se conseguir falo mais desse d\u00easanimo. Colocar isso aqui \u00e9 uma coisa banal e talvez meio exibida(eu mesma n\u00e3o acho, \u00e9 t\u00e3o banal que n\u00e3o tem porque), mas tem me ajudado muito, muito, \u00e9 um lembrete para que eu n\u00e3o deixe os dias passarem em branco, como meu des\u00e2nimo \u00ed\u00a0s vezes manda eu fazer.<\/p>\n<p>&nbsp;<\/p>\n<p style=\"text-align:center;\">\u00c2\u00a0=====<\/p>\n<p>&nbsp;<br \/>\nJulho<br \/>\n<strong>Filmes<\/strong><\/p>\n<ul>\n<li>Ca\u00e7a \u00ed\u00a0s bruxas<\/li>\n<li>Agentes do Destino<\/li>\n<li>Harry Potter e o Enigma do\u00c2\u00a0Pr\u00ed\u00adncipe<\/li>\n<li>Harry Potter e as Rel\u00ed\u00adquias da Morte 1<\/li>\n<li>Harry Potter e as\u00c2\u00a0Rel\u00ed\u00adquias\u00c2\u00a0da morte 2<\/li>\n<\/ul>\n<p><strong>S\u00e9ries<\/strong><\/p>\n<ul>\n<li>Game of thrones &#8211; primeira temporada<\/li>\n<li>Cold Case sexta temporada<\/li>\n<li>Medium s\u00e9tima temporada<\/li>\n<\/ul>\n<p><strong>Livros<\/strong><\/p>\n<ul>\n<li>Um teto todo seu<\/li>\n<li>Orgulho e Preconceito (lendo)<\/li>\n<li>O Caderno Vermelho<\/li>\n<li>O Segredo de Frida Kahlo<\/li>\n<li>A Casa dos esp\u00ed\u00adritos (lendo)<\/li>\n<\/ul>\n<p><strong>Eventos<\/strong><\/p>\n<ul>\n<li>Cinema com filhote<\/li>\n<li><a href=\"http:\/\/fotos.in.blog.br\/RecantodoMarreco\/\">S\u00ed\u00adtio<\/a><\/li>\n<li>Clube Pagu<\/li>\n<li>Cinema e\u00c2\u00a0Restaurante\u00c2\u00a0japon\u00eas<\/li>\n<\/ul>\n<p>N\u00e3o\u00c2\u00a0cozinhei\u00c2\u00a0nada&#8230;<\/p>\n","protected":false},"excerpt":{"rendered":"<p>Me dei conta que agosto passa do meio e eu n\u00e3o coloquei aqui ainda as coisas de julho. Isso mostra meu\u00c2\u00a0des\u00e2nimo\u00c2\u00a0crescente, minha in\u00e9rcia&#8230; \u00c2\u00a0Outra ora se conseguir falo mais desse d\u00easanimo. Colocar isso aqui \u00e9 uma coisa banal e talvez meio exibida(eu mesma n\u00e3o acho, \u00e9 t\u00e3o banal que n\u00e3o tem porque), mas tem me &hellip; <a href=\"https:\/\/nalua.in\/blog\/julho\/\" class=\"more-link\">Continuar lendo <span class=\"screen-reader-text\">Julho<\/span><\/a><\/p>\n","protected":false},"author":1,"featured_media":0,"comment_status":"open","ping_status":"open","sticky":false,"template":"","format":"standard","meta":{"footnotes":""},"categories":[1],"tags":[],"class_list":["post-2085","post","type-post","status-publish","format-standard","hentry","category-uncategorized"],"_links":{"self":[{"href":"https:\/\/nalua.in\/blog\/wp-json\/wp\/v2\/posts\/2085","targetHints":{"allow":["GET"]}}],"collection":[{"href":"https:\/\/nalua.in\/blog\/wp-json\/wp\/v2\/posts"}],"about":[{"href":"https:\/\/nalua.in\/blog\/wp-json\/wp\/v2\/types\/post"}],"author":[{"embeddable":true,"href":"https:\/\/nalua.in\/blog\/wp-json\/wp\/v2\/users\/1"}],"replies":[{"embeddable":true,"href":"https:\/\/nalua.in\/blog\/wp-json\/wp\/v2\/comments?post=2085"}],"version-history":[{"count":0,"href":"https:\/\/nalua.in\/blog\/wp-json\/wp\/v2\/posts\/2085\/revisions"}],"wp:attachment":[{"href":"https:\/\/nalua.in\/blog\/wp-json\/wp\/v2\/media?parent=2085"}],"wp:term":[{"taxonomy":"category","embeddable":true,"href":"https:\/\/nalua.in\/blog\/wp-json\/wp\/v2\/categories?post=2085"},{"taxonomy":"post_tag","embeddable":true,"href":"https:\/\/nalua.in\/blog\/wp-json\/wp\/v2\/tags?post=2085"}],"curies":[{"name":"wp","href":"https:\/\/api.w.org\/{rel}","templated":true}]}}