{"id":2084,"date":"2011-08-15T19:22:10","date_gmt":"2011-08-15T21:22:10","guid":{"rendered":"http:\/\/levezadoser.blog.br\/?p=980"},"modified":"2011-08-15T19:22:10","modified_gmt":"2011-08-15T21:22:10","slug":"vejo-caminhoes-e-carros-apressados","status":"publish","type":"post","link":"https:\/\/nalua.in\/blog\/vejo-caminhoes-e-carros-apressados\/","title":{"rendered":"Vejo caminh\u00f5es e carros apressados"},"content":{"rendered":"<p><img loading=\"lazy\" decoding=\"async\" class=\"alignleft size-medium wp-image-974\" title=\"6031546932_c6b902c6cd\" src=\"http:\/\/nalu.in\/wp-content\/uploads\/6031546932_c6b902c6cd-286x300.jpg\" alt=\"\" width=\"286\" height=\"300\" \/><\/p>\n<p style=\"text-align:center;\"><em>Carregado de mim ando no mundo,<\/em><br \/>\n<em> E o grande peso embarga-me as passadas,<\/em><br \/>\n<em> Que como ando por vias desusadas,<\/em><br \/>\n<em> Fa\u00e7o o peso crescer, e vou-me ao fundo.<\/em><br \/>\n<em> O rem\u00e9dio ser\u00e1 seguir o imundo<\/em><br \/>\n<em> Caminho, onde dos mais vejo as pisadas,<\/em><br \/>\n<em> Que as bestas andam juntas mais ousadas,<\/em><br \/>\n<em> Do que anda s\u00f3 o engenho mais profundo.<\/em><br \/>\n<em> N\u00e3o \u00e9 f\u00e1cil viver entre os insanos,<\/em><br \/>\n<em> Erra, quem presumir que sabe tudo,<\/em><br \/>\n<em> Se o atalho n\u00e3o soube dos seus danos.<\/em><br \/>\n<em> O prudente var\u00e3o h\u00e1 de ser mudo,<\/em><br \/>\n<em> Que \u00e9 melhor neste mundo, mar de enganos,<\/em><br \/>\n<em> Ser louco c\u00e2\u20ac\u2122os demais, que s\u00f3, sisudo.<\/em><\/p>\n<p style=\"text-align:center;\"><em> <\/em><br \/>\n<strong><em> Greg\u00f3rio de Matos<\/em><\/strong><\/p>\n<p>&nbsp;<br \/>\n<img loading=\"lazy\" decoding=\"async\" class=\"size-medium wp-image-975 alignright\" style=\"margin:5px;\" title=\"6031547932_3fe6bdc4f5\" src=\"http:\/\/nalu.in\/wp-content\/uploads\/6031547932_3fe6bdc4f5-283x300.jpg\" alt=\"\" width=\"283\" height=\"300\" \/><\/p>\n<p style=\"text-align:justify;\">Do ano passado at\u00e9 mais ou menos abril, maio, eu estava numa fase muito boa. Energizada, confiante, cheia de planos, ativa. Comecei uma dieta, emagreci 12 quilos,\u00c2\u00a0planejei e fiz uma comemora\u00e7\u00e3o muito legal no meu anivers\u00e1rio, tinha v\u00e1rias outras metas, estava cozinhando, lendo muito, vendo muitos filmes, saindo, tinha at\u00e9 voltado pra ioga&#8230; At\u00e9 que tudo come\u00e7ou a entrar em um velho ciclo conhecido de des\u00e2nimo, stress, adiamentos e in\u00e9rcia&#8230; Eu parei a dieta, que estava fazendo sem ajuda de nenhum rem\u00e9dio, nem rem\u00e9dio pra emagrecer nem antidepressivo, nadinha, s\u00f3 floral. A procrastina\u00e7\u00e3o voltou, a anima\u00e7\u00e3o diminuiu, diminuiu at\u00e9 chegar a\u00c2\u00a0n\u00ed\u00adveis\u00c2\u00a0dr\u00e1sticos, e eu olho pra mim agora e vejo que n\u00e3o estou muito bem.<\/p>\n<p style=\"text-align:justify;\">E eu sem saber exatamente o que me levou a ficar t\u00e3o animada e nem o que me desanimou em seguida. Aconteceu que eu tenho uma amiga que esta passando por problemas bem chatos e ela me falou que usar florais ajudou ela demais a n\u00e3o se desesperar mais do que o necess\u00e1rio com esses problemas. E ela precisava e me pediu \u00c2\u00a0indica\u00e7\u00e3o de florais para uma pessoa que queria mudar mas n\u00e3o conseguia. E da\u00ed\u00ad pensando nos florais, pegando os livros pra ver qual seria mais adequado me caiu a ficha: eu t\u00f4 mesmo precisando recome\u00e7ar a tomar os meus florais de base!<\/p>\n<p style=\"text-align:justify;\">Na \u00e9poca que eu estava mais animada, energizada, equilibrada, eu estava tomando de forma constante os florais que eu acho que s\u00e3o os meus, digamos assim, <em>florais de base<\/em>. \u00c2\u00a0E o decl\u00ed\u00adnio veio justamente quando eu parei de\u00c2\u00a0tomar\u00c2\u00a0esses florais, e veio, insidioso e se instalou. E eu n\u00e3o podia ter parado, at\u00e9 porque tive outras duas experi\u00eancias\u00c2\u00a0interessant\u00ed\u00adssimas\u00c2\u00a0e muito boas com florais. Uma foi tomando durante o emagrecimento, um fitofloral espec\u00ed\u00adfico para ajudar no emagrecimento. e me ajudou demais, foi um per\u00ed\u00adodo onde eu quase n\u00e3o tive\u00c2\u00a0problemas\u00c2\u00a0pra fazer dieta. Outro foi um para parar o di\u00e1logo mental, respons\u00e1vel por uma insonia quase cr\u00f4nica, que eu tinha h\u00e1 anos e anos a fio. Esse eu devo ter\u00c2\u00a0tomando\u00c2\u00a0a quantidade certa, porque felizmente esse ano eu ainda n\u00e3o tive ins\u00f4nia. Acho que tive um epis\u00f3dio s\u00f3 e leve de n\u00e3o conseguir dormir. Ou seja, o treco \u00e9 bom mesmo, sendo ou nao placebo, nem me importa.<\/p>\n<p style=\"text-align:justify;\">A\u00ed\u00ad eu j\u00e1 peguei os dois floraizinhos b\u00e1sicos aqui pra mim e recomecei a\u00c2\u00a0tomar, espero que aos poucos eles fa\u00e7am efeito e me deem o \u00e2nimo que se foi. E j\u00e1 estou procurando alguns outros pra colocar na f\u00f3rmula pra me darem a for\u00e7a pra continuar, pra retomar os planos, a estrada perdida. Preciso muito me fortalecer pra continuar e n\u00e3o me render \u00ed\u00a0 in\u00e9rcia.<\/p>\n","protected":false},"excerpt":{"rendered":"<p>Carregado de mim ando no mundo, E o grande peso embarga-me as passadas, Que como ando por vias desusadas, Fa\u00e7o o peso crescer, e vou-me ao fundo. O rem\u00e9dio ser\u00e1 seguir o imundo Caminho, onde dos mais vejo as pisadas, Que as bestas andam juntas mais ousadas, Do que anda s\u00f3 o engenho mais profundo. &hellip; <a href=\"https:\/\/nalua.in\/blog\/vejo-caminhoes-e-carros-apressados\/\" class=\"more-link\">Continuar lendo <span class=\"screen-reader-text\">Vejo caminh\u00f5es e carros apressados<\/span><\/a><\/p>\n","protected":false},"author":1,"featured_media":0,"comment_status":"open","ping_status":"open","sticky":false,"template":"","format":"standard","meta":{"footnotes":""},"categories":[5],"tags":[],"class_list":["post-2084","post","type-post","status-publish","format-standard","hentry","category-acoes"],"_links":{"self":[{"href":"https:\/\/nalua.in\/blog\/wp-json\/wp\/v2\/posts\/2084","targetHints":{"allow":["GET"]}}],"collection":[{"href":"https:\/\/nalua.in\/blog\/wp-json\/wp\/v2\/posts"}],"about":[{"href":"https:\/\/nalua.in\/blog\/wp-json\/wp\/v2\/types\/post"}],"author":[{"embeddable":true,"href":"https:\/\/nalua.in\/blog\/wp-json\/wp\/v2\/users\/1"}],"replies":[{"embeddable":true,"href":"https:\/\/nalua.in\/blog\/wp-json\/wp\/v2\/comments?post=2084"}],"version-history":[{"count":0,"href":"https:\/\/nalua.in\/blog\/wp-json\/wp\/v2\/posts\/2084\/revisions"}],"wp:attachment":[{"href":"https:\/\/nalua.in\/blog\/wp-json\/wp\/v2\/media?parent=2084"}],"wp:term":[{"taxonomy":"category","embeddable":true,"href":"https:\/\/nalua.in\/blog\/wp-json\/wp\/v2\/categories?post=2084"},{"taxonomy":"post_tag","embeddable":true,"href":"https:\/\/nalua.in\/blog\/wp-json\/wp\/v2\/tags?post=2084"}],"curies":[{"name":"wp","href":"https:\/\/api.w.org\/{rel}","templated":true}]}}