{"id":2082,"date":"2011-06-28T12:12:37","date_gmt":"2011-06-28T14:12:37","guid":{"rendered":"http:\/\/levezadoser.blog.br\/?p=972"},"modified":"2011-06-28T12:12:37","modified_gmt":"2011-06-28T14:12:37","slug":"toda-nudez-sera-castigada","status":"publish","type":"post","link":"https:\/\/nalua.in\/blog\/toda-nudez-sera-castigada\/","title":{"rendered":"Toda nudez ser\u00e1 castigada"},"content":{"rendered":"<p>&nbsp;<br \/>\n<img loading=\"lazy\" decoding=\"async\" class=\"alignleft size-full wp-image-973\" title=\"94_28_06_2011_meitu_2\" src=\"http:\/\/nalu.files.wordpress.com\/2011\/06\/94_28_06_2011_meitu_2.jpg\" alt=\"\" width=\"316\" height=\"322\" \/><\/p>\n<p style=\"text-align:center;\"><em><strong>A esperan\u00e7a se adquire.<\/strong><\/em><br \/>\n<em><strong> <\/strong><\/em><em><strong>Chega-se \u00ed\u00a0 esperan\u00e7a<\/strong><\/em><br \/>\n<em><strong> atrav\u00e9s da verdade,<\/strong><\/em><br \/>\n<em><strong> pagando o pre\u00e7o<\/strong><\/em><br \/>\n<em><strong> de repetidos esfor\u00e7os<\/strong><\/em><br \/>\n<em><strong> e de uma longa paci\u00eancia.<\/strong><\/em><\/p>\n<p style=\"text-align:center;\"><em><strong>Para encontrar a esperan\u00e7a<\/strong><\/em><br \/>\n<em><strong> \u00e9 necess\u00e1rio ir al\u00e9m do desespero.<\/strong><\/em><br \/>\n<em><strong> Quando chegamos ao fim da noite,<\/strong><\/em><br \/>\n<em><strong> encontramos a aurora.<\/strong><\/em><\/p>\n<p style=\"text-align:center;\"><em><strong>Georges Bernanos<\/strong><\/em><\/p>\n<p style=\"text-align:center;\"><em><strong>=====<\/strong><\/em><\/p>\n<p style=\"text-align:justify;\">Hoje faz um m\u00eas que eu fiz <a href=\"http:\/\/fotos.in.blog.br\/40anos\/\" target=\"_blank\" rel=\"noopener\">40 anos<\/a>.<\/p>\n<p style=\"text-align:justify;\">Acho que \u00e9 um marco. Tem muita coisa nessa minha vida que eu preciso mudar, mudar logo, fazer melhor, me livrar de velhas amarras, mentais e materiais, de velhos h\u00e1bitos nocivos e outros h\u00e1bitos feios. Mas isso a gente sempre tem o tempo todo n\u00e9?<\/p>\n<p style=\"text-align:justify;\">Agora, numa conversa com minhas comadres, percebi que talvez eu tenha melhorado o humor tanto como melhorei nas ultimas semanas porque parei de fazer dieta. Que horror, mas pode ser bem verdade. Eu andava num humor p\u00e9ssimo e numa sensibilidade ainda mais extremada, mais exacerbada, n\u00e3o estava mais cabendo dentro da minha pele, queria destruir tudo. Estava com uma raiva imensa de qualquer coisa que nem sei nomear. Mas passou quando eu perdi o rumo da dieta. Talvez sem o amortecedor dos doces a vida tenha ficado com gosto muito ruim. N\u00e3o \u00e9 f\u00e1cil ficar nu diante do rei.. E eu fiquei, sem comida, sem cigarro, sem rem\u00e9dios de depress\u00e3o, sem remedios pra emagrecer, sem mais nada, s\u00f3 com minha nudez na avenida. E talvez n\u00e3o tenha aguentado, precisei de dar um tempo.<\/p>\n<p style=\"text-align:justify;\">Enfim, tenho planos, coisas \u00ed\u00a0 vista, muitos passos pra dar. Mas hoje, realmente voltei \u00ed\u00a0 dieta mesmo, com contagem de pontos e tudo mais.<\/p>\n<p style=\"text-align:justify;\">Preciso muito anotar meus gastos, preciso mesmo, estou perdendo o rumo nisso tamb\u00e9m.<\/p>\n<p style=\"text-align:justify;\">Mas esse palavr\u00f3rio sem sentido aqui \u00e9 s\u00f3 mesmo pra fazer o registro de que eu voltei a anotar e a prestar aten\u00e7\u00e3o hoje. \u00c2\u00a0Normalmente eu levo algum tempo antes de conseguir fazer a restri\u00e7\u00e3o mesmo, antes de conseguir entrar mesmo na dieta, de modo cont\u00ed\u00adnuo. Mas tudo bem faz parte. S\u00f3 espero entrar no eixo logo, pq agosto t\u00e1 a\u00ed\u00ad e eu tenho planos pra agosto e pra setembro. Se eu conseguisse perder 4 quilos nesse per\u00ed\u00adodo j\u00e1 estaria bem feliz, mas bem feliz mesmo. Imagina, sair dessa danada dessa casa dos 90?<\/p>\n<p>&nbsp;<\/p>\n","protected":false},"excerpt":{"rendered":"<p>&nbsp; A esperan\u00e7a se adquire. Chega-se \u00ed\u00a0 esperan\u00e7a atrav\u00e9s da verdade, pagando o pre\u00e7o de repetidos esfor\u00e7os e de uma longa paci\u00eancia. Para encontrar a esperan\u00e7a \u00e9 necess\u00e1rio ir al\u00e9m do desespero. Quando chegamos ao fim da noite, encontramos a aurora. Georges Bernanos ===== Hoje faz um m\u00eas que eu fiz 40 anos. Acho que &hellip; <a href=\"https:\/\/nalua.in\/blog\/toda-nudez-sera-castigada\/\" class=\"more-link\">Continuar lendo <span class=\"screen-reader-text\">Toda nudez ser\u00e1 castigada<\/span><\/a><\/p>\n","protected":false},"author":1,"featured_media":0,"comment_status":"open","ping_status":"open","sticky":false,"template":"","format":"standard","meta":{"footnotes":""},"categories":[6],"tags":[95,113],"class_list":["post-2082","post","type-post","status-publish","format-standard","hentry","category-alternativas","tag-dieta","tag-recomecar"],"_links":{"self":[{"href":"https:\/\/nalua.in\/blog\/wp-json\/wp\/v2\/posts\/2082","targetHints":{"allow":["GET"]}}],"collection":[{"href":"https:\/\/nalua.in\/blog\/wp-json\/wp\/v2\/posts"}],"about":[{"href":"https:\/\/nalua.in\/blog\/wp-json\/wp\/v2\/types\/post"}],"author":[{"embeddable":true,"href":"https:\/\/nalua.in\/blog\/wp-json\/wp\/v2\/users\/1"}],"replies":[{"embeddable":true,"href":"https:\/\/nalua.in\/blog\/wp-json\/wp\/v2\/comments?post=2082"}],"version-history":[{"count":0,"href":"https:\/\/nalua.in\/blog\/wp-json\/wp\/v2\/posts\/2082\/revisions"}],"wp:attachment":[{"href":"https:\/\/nalua.in\/blog\/wp-json\/wp\/v2\/media?parent=2082"}],"wp:term":[{"taxonomy":"category","embeddable":true,"href":"https:\/\/nalua.in\/blog\/wp-json\/wp\/v2\/categories?post=2082"},{"taxonomy":"post_tag","embeddable":true,"href":"https:\/\/nalua.in\/blog\/wp-json\/wp\/v2\/tags?post=2082"}],"curies":[{"name":"wp","href":"https:\/\/api.w.org\/{rel}","templated":true}]}}