{"id":2074,"date":"2011-05-01T22:38:56","date_gmt":"2011-05-02T00:38:56","guid":{"rendered":"http:\/\/levezadoser.blog.br\/?p=942"},"modified":"2011-05-01T22:38:56","modified_gmt":"2011-05-02T00:38:56","slug":"meu-olhar-se-perde-na-poeir","status":"publish","type":"post","link":"https:\/\/nalua.in\/blog\/meu-olhar-se-perde-na-poeir\/","title":{"rendered":"Meu olhar se perde na poeira"},"content":{"rendered":"<table class=\"tr-caption-container\" style=\"margin-left:auto;margin-right:auto;text-align:center;\" cellspacing=\"0\" cellpadding=\"0\" align=\"center\">\n<tbody>\n<tr>\n<td style=\"text-align:center;\"><a style=\"margin-left:auto;margin-right:auto;\" href=\"http:\/\/nalu.files.wordpress.com\/2011\/05\/c3f53-d2a6r.jpg\"><img loading=\"lazy\" decoding=\"async\" src=\"http:\/\/nalu.files.wordpress.com\/2011\/05\/c3f53-d2a6r.jpg?w=300\" border=\"0\" alt=\"\" width=\"320\" height=\"240\" \/><\/a><\/td>\n<\/tr>\n<tr>\n<td class=\"tr-caption\" style=\"text-align:center;\">Da minha janela ainda agorinha<\/td>\n<\/tr>\n<\/tbody>\n<\/table>\n<p>&nbsp;<\/p>\n<p style=\"text-align:center;\"><strong><em>&#8220;Tenho medo de n\u00e3o conseguir manter minhas id\u00e9ias, meus pontos de vista, minhas escolhas. A minha cabe\u00e7a \u00e9 como um guarda que n\u00e3o permite que eu estacione em local algum. Eu fico dando voltas e voltas no meu c\u00e9rebro e quando encontro uma vaga para ocupar, o guarda diz: circulando, circulando . Voc\u00ea est\u00e1 me entendendo? Eu n\u00e3o tenho \u00e1rea de repouso. Raramente desligo, e quando isso acontece, n\u00e3o d\u00e1 nem tempo para o motor esfriar.&#8221;<\/em><\/strong><\/p>\n<p style=\"text-align:center;\"><strong><em> <\/em><\/strong><br \/>\nMartha Medeiros.<\/p>\n<p style=\"text-align:center;\">=====<\/p>\n<p style=\"text-align:justify;\">Um m\u00eas sem escrever nada! Nossa! Mas duas semanas foram meio at\u00ed\u00adpicas: a \u00c2\u00a0da p\u00e1scoa, que eu viajei na quarta de madrugada, e essa semana que acabou ontem que eu estava extremamente estressada, um feixe de nervos em brasa, o c\u00famulo do stress, e n\u00e3o vi nada. Stress me deixa assim, cega, completamente sem saber de nada, eu fico uma anta.<\/p>\n<p style=\"text-align:justify;\">E n\u00e3o fosse o feriado e a viagem, esse tamb\u00e9m teria sido um m\u00eas meio pobre em coisas que fiz por mim, mas na verdade n\u00e3o foi. Senti falta de cozinhar, de fazer coisas gostosas e\u00c2\u00a0diferentes, de relaxar cozinhando. E foi um p\u00e9ssimo m\u00eas no trabalho tamb\u00e9m. Mas o saldo do m\u00eas ainda foi emagrecimento. Muito pouquinho, 600grss s\u00f3, ams foi pra baixo n\u00e9? Menos mal. At\u00e9 porque eu tinha engordado bem. A pen\u00faltima vez q pesei deu um aumento de quase um quilo. Isso pra quem n\u00e3o tinha emagrecido nada foi muito, muito. A\u00ed\u00ad n\u00e3o me pesei na semana da p\u00e1scoa e pesei sexta feira, resultado, menos 1,4. T\u00e1 \u00f3timo, mas a verdade \u00e9 que depois que eu entrei pro VP eu emagreci bem pouco. Ainda n\u00e3o entendi essa m\u00ed\u00adstica, mas sigo. Entre altos e baixos, muito baixos, trope\u00e7os e muitas falhas ainda, mas \u00e9 como eu falei uma vez h\u00e1 muito tempo e cadavez mais isso \u00e9 verdade, \u00e9 aprendizado mesmo e desta vez s\u00f3 tenho dois caminhos, ou vai vou vai. Mesmo que ao custo de 600 grs por m\u00eas&#8230;<\/p>\n<p style=\"text-align:justify;\">N\u00e3o tenho meditado e isso est\u00e1 me deixando bem nervosa. Desde que aprendi a meditar, nunca tinha ficado tanto tempo sem meditar, agora estou sentindo claramente os efeitos de ficar sem.<\/p>\n<p style=\"text-align:justify;\">\u00c9 \u00c2\u00a0isso, queria mesmo de verdade escrever aqui com mais frequ\u00eancia, mas nem falo nada, n\u00e3o tenho conseguido. \u00c2\u00a0Esse m\u00eas fa\u00e7o 40 anos, mere\u00e7o me dar esse presente. Vou fazer esse m\u00eas bem bonitinho,\u00c2\u00a0caprichado\u00c2\u00a0como foi janeiro e fevereiro.<\/p>\n<h3 style=\"text-align:center;\"><span style=\"text-decoration:underline;\"><em>As coisas boas de abril:<\/em><\/span><\/h3>\n<p><strong>Filmes<\/strong><\/p>\n<ul>\n<li>Filhos da Esperan\u00e7a<\/li>\n<li>Foi Apenas um sonho<\/li>\n<li>O Ritual<\/li>\n<li>Mary e Max &#8211; uma amizade diferente<\/li>\n<li>Coraline<\/li>\n<li>O Quarto do Filho<\/li>\n<\/ul>\n<p><strong>Livros<\/strong><br \/>\n<strong><span style=\"font-weight:normal;\">(n\u00e3o terminei nenhum)<\/span><\/strong><\/p>\n<ul>\n<li>Pergunte ao P\u00f3<\/li>\n<li>Um Caminho com o Cora\u00e7\u00e3o<\/li>\n<li>59 segundos<\/li>\n<\/ul>\n<p><strong>Coisas boas<\/strong><\/p>\n<ul>\n<li>Viagem Semana Santa<\/li>\n<li>Encontro com a \u00c2\u00a0V\u00f3, com meu primo e afilhado e recupera\u00e7\u00e3o dela&#8230;<\/li>\n<li>Confraria<\/li>\n<li>Almo\u00e7o de comadres<\/li>\n<li>Rest\u00f4 japa (pena que foi s\u00f3 uma vez)<\/li>\n<li>Voltei pra ioga<\/li>\n<li>Longas conversas com Rada (que falta isso me faz!)<\/li>\n<li>Emagreci 600 grs<\/li>\n<li>tab<\/li>\n<\/ul>\n<div><strong>Comidinhas<\/strong><\/div>\n<div>\n<ul>\n<li>Piadina<\/li>\n<\/ul>\n<\/div>\n","protected":false},"excerpt":{"rendered":"<p>Da minha janela ainda agorinha &nbsp; &#8220;Tenho medo de n\u00e3o conseguir manter minhas id\u00e9ias, meus pontos de vista, minhas escolhas. A minha cabe\u00e7a \u00e9 como um guarda que n\u00e3o permite que eu estacione em local algum. Eu fico dando voltas e voltas no meu c\u00e9rebro e quando encontro uma vaga para ocupar, o guarda diz: &hellip; <a href=\"https:\/\/nalua.in\/blog\/meu-olhar-se-perde-na-poeir\/\" class=\"more-link\">Continuar lendo <span class=\"screen-reader-text\">Meu olhar se perde na poeira<\/span><\/a><\/p>\n","protected":false},"author":1,"featured_media":0,"comment_status":"open","ping_status":"open","sticky":false,"template":"","format":"standard","meta":{"footnotes":""},"categories":[29],"tags":[95,102,113],"class_list":["post-2074","post","type-post","status-publish","format-standard","hentry","category-finalizando","tag-dieta","tag-meditacao","tag-recomecar"],"_links":{"self":[{"href":"https:\/\/nalua.in\/blog\/wp-json\/wp\/v2\/posts\/2074","targetHints":{"allow":["GET"]}}],"collection":[{"href":"https:\/\/nalua.in\/blog\/wp-json\/wp\/v2\/posts"}],"about":[{"href":"https:\/\/nalua.in\/blog\/wp-json\/wp\/v2\/types\/post"}],"author":[{"embeddable":true,"href":"https:\/\/nalua.in\/blog\/wp-json\/wp\/v2\/users\/1"}],"replies":[{"embeddable":true,"href":"https:\/\/nalua.in\/blog\/wp-json\/wp\/v2\/comments?post=2074"}],"version-history":[{"count":0,"href":"https:\/\/nalua.in\/blog\/wp-json\/wp\/v2\/posts\/2074\/revisions"}],"wp:attachment":[{"href":"https:\/\/nalua.in\/blog\/wp-json\/wp\/v2\/media?parent=2074"}],"wp:term":[{"taxonomy":"category","embeddable":true,"href":"https:\/\/nalua.in\/blog\/wp-json\/wp\/v2\/categories?post=2074"},{"taxonomy":"post_tag","embeddable":true,"href":"https:\/\/nalua.in\/blog\/wp-json\/wp\/v2\/tags?post=2074"}],"curies":[{"name":"wp","href":"https:\/\/api.w.org\/{rel}","templated":true}]}}