{"id":2063,"date":"2011-02-01T11:57:01","date_gmt":"2011-02-01T13:57:01","guid":{"rendered":"http:\/\/levezadoser.blog.br\/?p=877"},"modified":"2011-02-01T11:57:01","modified_gmt":"2011-02-01T13:57:01","slug":"so-existe-a-solucao","status":"publish","type":"post","link":"https:\/\/nalua.in\/blog\/so-existe-a-solucao\/","title":{"rendered":"S\u00f3 existe a solu\u00e7\u00e3o da matem\u00e1tica"},"content":{"rendered":"<p style=\"text-align:center;\"><img loading=\"lazy\" decoding=\"async\" class=\"alignleft size-full wp-image-878\" style=\"margin:5px;\" title=\"felicidadep\" src=\"http:\/\/nalu.files.wordpress.com\/2011\/02\/felicidadep.jpg\" alt=\"\" width=\"273\" height=\"223\" \/><\/p>\n<p style=\"text-align:center;\"><em><strong> Livre n\u00e3o sou, que nem a pr\u00f3pria vida<br \/>\nMe consente.<br \/>\nMas a minha aguerrida<br \/>\nTeimosia<br \/>\n\u00c9 quebrar dia a dia<br \/>\nUm grilh\u00e3o da corrente.<\/strong><\/em><\/p>\n<p style=\"text-align:center;\"><em><strong>Miguel Torga<\/strong><\/em><\/p>\n<p style=\"text-align:center;\"><em><strong>=====<\/strong><\/em><\/p>\n<p style=\"text-align:justify;\">Tem um tempo j\u00e1 que eu estou escrevendo uma esp\u00e9cie de recapituala\u00e7\u00e3o di\u00e1ria, para efeitos\u00c2\u00a0terap\u00eauticos.Tem sido bom, revelador, mas ainda t\u00e1 meio subutilizado. Uma coisa que eu fiz em dezembro e repeti agora em janeiro e t\u00e1 sendo bem legal, \u00e9 um pequeno invent\u00e1rio das coisas\u00c2\u00a0boas do m\u00eas, coisinhas\u00c2\u00a0pequenas\u00c2\u00a0mesmo, e outras nem tanto. Fiz l\u00e1 no blog privado,\u00c2\u00a0mas\u00c2\u00a0resolvi trazer pra c\u00e1, para me\u00c2\u00a0lembrar. E tamb\u00e9m porque foi o m\u00eas do rein\u00ed\u00adcio da dieta, do Aprendizado. Que na verdade est\u00e1 escorregando ainda, mas a vontade pelo\u00c2\u00a0menos\u00c2\u00a0continua a\u00ed\u00ad.<\/p>\n<p style=\"text-align:justify;\">E \u00e9 legal tamb\u00e9m,\u00c2\u00a0porque\u00c2\u00a0me lembra da gratid\u00e3o sobre as coisas boas acontecendo e me lembra de viver mais plenamente, cada vez mais, embora, claro nem sempre eu consiga&#8230;<\/p>\n<p style=\"text-align:justify;\">Mas fica o registro. Coisas boas tamb\u00e9m sempre me ajudam na dieta. Por exemplo, esse fim de semana que cozinhei e vi\u00c2\u00a0dois\u00c2\u00a0filmes, eu fiquei menos obcecada por comida. \u00c2\u00a0Por isso preciso de muita distra\u00e7\u00e3o, e por isso esses invent\u00e1rios est\u00e3o me ajudando.<\/p>\n<table style=\"cursor:default;font-family:Arial, Helvetica, sans-serif;font-size:13px;border:1px dashed #bbbbbb;\" border=\"0\" cellspacing=\"0\" cellpadding=\"0\">\n<tbody>\n<tr>\n<td style=\"color:black;cursor:text;font-size:13px;font:inherit;margin:8px;border:1px dashed #bbbbbb;\" valign=\"top\">\n<div style=\"font-family:Arial, Helvetica, sans-serif;\"><span style=\"font-family:arial;\">Filmes:<\/span><\/div>\n<div style=\"font-family:arial;\">\n<ul>\n<li>Direito de amar<\/li>\n<li>A Dificil Arte de Amar<\/li>\n<li>A Troca<\/li>\n<li>Al\u00e9m da Vida<\/li>\n<li>A Origem<\/li>\n<li>Dan\u00e7ando no Escuro<\/li>\n<li>500 dias com ela<\/li>\n<\/ul>\n<\/div>\n<div style=\"font-family:arial;\">Coisas boas:<\/div>\n<div style=\"font-family:arial;\">\n<ul>\n<li>Anivers\u00e1rio do Rada<\/li>\n<li>Volta do Tat\u00e1 (aff q eu j\u00e1 tava roxa de saudade)<\/li>\n<li>Baile da La\u00ed\u00ads<\/li>\n<li>Cineminha<\/li>\n<li>Churrasco com as fam\u00ed\u00adlias<\/li>\n<li>Carta Xam\u00e2nica do ano (Aranha)<\/li>\n<li>Rokkon 21\/01<\/li>\n<li>Reuni\u00e3o das meninas pra fazer pav\u00ea aqui em casa<\/li>\n<li>Almo\u00e7o com comadres mineiras<\/li>\n<li>Confraria<\/li>\n<li>In\u00ed\u00adcio da dieta<\/li>\n<\/ul>\n<div>Leituras:<\/div>\n<div>\n<ul>\n<li>O Eu sem Defesas (ainda lendo)<\/li>\n<\/ul>\n<\/div>\n<p>(<em>Esse m\u00eas eu li muito pouco. Porque como esse livro<br \/>\n\u00e9 obriga\u00e7\u00e3o,\u00c2\u00a0me parou tudo. E eu n\u00e3o me deixei<br \/>\ncome\u00e7ar nem acabar outro, tinha q terminar esse<\/em>.)<br \/>\nCozinha<\/p>\n<ul>\n<li>P\u00e3o light de frigideira<\/li>\n<li>Pav\u00ea<\/li>\n<li>Sanduiches light<\/li>\n<li>Lasanha do Tariq<\/li>\n<li>uns 3 bolos de baunilha delicioso<\/li>\n<li>Bolo Festa<\/li>\n<li>Bolo light<\/li>\n<\/ul>\n<\/div>\n<div style=\"font-family:arial;\">\nNalu A*)<br \/>\n<a href=\"http:\/\/nalu.in\/\" rel=\"nofollow noopener\" target=\"_blank\">http:\/\/nalu.in<\/a>\n<\/div>\n<\/td>\n<\/tr>\n<\/tbody>\n<\/table>\n<p>\u00e2\u2122\u00ab<a href=\"http:\/\/letras.terra.com.br\/nando-reis\/1491961\/\" target=\"_blank\" rel=\"noopener\"> Livre Como Um Deus &#8211; Nando Reis<\/a><\/p>\n<div id=\"-chrome-auto-translate-plugin-dialog\" style=\"opacity:1 !important;background-image:initial !important;background-attachment:initial !important;background-origin:initial !important;background-clip:initial !important;background-color:transparent !important;position:absolute !important;top:0;left:0;overflow-x:visible !important;overflow-y:visible !important;z-index:999999 !important;text-align:left !important;display:none;background-position:initial initial !important;background-repeat:initial initial !important;padding:0!important;margin:0!important;\">\n<div style=\"max-width:300px !important;color:#fafafa !important;opacity:.8 !important;border-color:#000000!important;border-width:0!important;-webkit-border-radius:10px !important;background-color:#363636 !important;font-size:16px !important;padding:8px!important;overflow:visible !important;background-image:-webkit-gradient(linear,left top,right bottom,color-stop(0%,#000),color-stop(50%,#363636),color-stop(100%,#000));z-index:999999 !important;text-align:left !important;\"><\/div>\n<p><img decoding=\"async\" style=\"position:absolute !important;z-index:-1 !important;right:1px !important;top:-20px !important;cursor:pointer !important;-webkit-border-radius:20px;background-color:rgba(200,200,200,0.3) !important;padding:3px 5px 0!important;margin:0!important;\" src=\"http:\/\/www.google.com\/uds\/css\/small-logo.png\" alt=\"\" \/>\n<\/div>\n","protected":false},"excerpt":{"rendered":"<p>Livre n\u00e3o sou, que nem a pr\u00f3pria vida Me consente. Mas a minha aguerrida Teimosia \u00c9 quebrar dia a dia Um grilh\u00e3o da corrente. Miguel Torga ===== Tem um tempo j\u00e1 que eu estou escrevendo uma esp\u00e9cie de recapituala\u00e7\u00e3o di\u00e1ria, para efeitos\u00c2\u00a0terap\u00eauticos.Tem sido bom, revelador, mas ainda t\u00e1 meio subutilizado. Uma coisa que eu fiz &hellip; <a href=\"https:\/\/nalua.in\/blog\/so-existe-a-solucao\/\" class=\"more-link\">Continuar lendo <span class=\"screen-reader-text\">S\u00f3 existe a solu\u00e7\u00e3o da matem\u00e1tica<\/span><\/a><\/p>\n","protected":false},"author":1,"featured_media":0,"comment_status":"open","ping_status":"open","sticky":false,"template":"","format":"standard","meta":{"footnotes":""},"categories":[31],"tags":[],"class_list":["post-2063","post","type-post","status-publish","format-standard","hentry","category-forca"],"_links":{"self":[{"href":"https:\/\/nalua.in\/blog\/wp-json\/wp\/v2\/posts\/2063","targetHints":{"allow":["GET"]}}],"collection":[{"href":"https:\/\/nalua.in\/blog\/wp-json\/wp\/v2\/posts"}],"about":[{"href":"https:\/\/nalua.in\/blog\/wp-json\/wp\/v2\/types\/post"}],"author":[{"embeddable":true,"href":"https:\/\/nalua.in\/blog\/wp-json\/wp\/v2\/users\/1"}],"replies":[{"embeddable":true,"href":"https:\/\/nalua.in\/blog\/wp-json\/wp\/v2\/comments?post=2063"}],"version-history":[{"count":0,"href":"https:\/\/nalua.in\/blog\/wp-json\/wp\/v2\/posts\/2063\/revisions"}],"wp:attachment":[{"href":"https:\/\/nalua.in\/blog\/wp-json\/wp\/v2\/media?parent=2063"}],"wp:term":[{"taxonomy":"category","embeddable":true,"href":"https:\/\/nalua.in\/blog\/wp-json\/wp\/v2\/categories?post=2063"},{"taxonomy":"post_tag","embeddable":true,"href":"https:\/\/nalua.in\/blog\/wp-json\/wp\/v2\/tags?post=2063"}],"curies":[{"name":"wp","href":"https:\/\/api.w.org\/{rel}","templated":true}]}}