{"id":2060,"date":"2011-01-01T19:20:34","date_gmt":"2011-01-01T21:20:34","guid":{"rendered":"http:\/\/levezadoser.blog.br\/?p=856"},"modified":"2023-05-29T02:51:37","modified_gmt":"2023-05-29T02:51:37","slug":"uma-palavra-de-madeira","status":"publish","type":"post","link":"https:\/\/nalua.in\/blog\/uma-palavra-de-madeira\/","title":{"rendered":"Uma palavra de madeira cai no ch\u00e3o"},"content":{"rendered":"<p style=\"text-align: center;\"><em><strong>Faz-se urgente compreender a necessidade de aprender a viver sabiamente.Se queremos uma mudan\u00e7a definitiva, faz-se necess\u00e1rio que tal mudan\u00e7a se verifique primeiro dentro de n\u00f3s mesmos; se n\u00e3o eliminamos nada do que temos internamente, externamente a vida continuar\u00e1 com suas dificuldades&#8221;. <\/strong><\/em><\/p>\n<p style=\"text-align: center;\"><em><strong>Samael Aun Weor<\/strong><\/em><\/p>\n<p><img loading=\"lazy\" decoding=\"async\" class=\"alignnone size-medium wp-image-165023 aligncenter\" src=\"https:\/\/nalua.in\/blog\/wp-content\/uploads\/2011\/01\/60-300x300.jpg\" alt=\"\" width=\"300\" height=\"300\" srcset=\"https:\/\/nalua.in\/blog\/wp-content\/uploads\/2011\/01\/60-300x300.jpg 300w, https:\/\/nalua.in\/blog\/wp-content\/uploads\/2011\/01\/60-150x150.jpg 150w, https:\/\/nalua.in\/blog\/wp-content\/uploads\/2011\/01\/60.jpg 600w\" sizes=\"auto, (max-width: 300px) 100vw, 300px\" \/><\/p>\n<p style=\"text-align: center;\"><em><strong>=====<\/strong><\/em><\/p>\n<p style=\"text-align: justify;\">Eu vou postar hoje. Ainda n\u00e3o tenho assunto, n\u00e3o tenho muito o que dizer, mas estou aqui, postando. Quer dizer, eu tenho assunto, muita coisa est\u00e1 acontecendo, mas no meu \u00ed\u00adntimo, nada interessante pra que se leia num blog, nem nada que deva\/possa ser dito em p\u00fablico. Mas bem fervilhante aqui dentro.<\/p>\n<p style=\"text-align: justify;\">Ent\u00e3o vou come\u00e7ar contando que esse ano, pela primeira vez na minha hist\u00f3ria eu fiz a ceia de Ano Novo. Coisa in\u00e9dita e quem me falasse isso h\u00e1 pouco tempo atr\u00e1s seria encarado com riso. Eu? Cozinhar? Fazer ceia? Ceia de Ano Novo ainda por cima? Pff. Eu acharia que a pessoa estaria surtando. Mas eu fiz. E gostei muito fazer, eu e marid\u00e3o fizemos. Um lombo marinado mais de 24 horas e mais 3 outros pratos. E sobremesa elaborada. Tudo na cozinha, aquele c\u00f4modo da casa que eu sempre evito e com o qual j\u00e1 estive muito pouco familiarizada.<\/p>\n<p style=\"text-align: justify;\">Eu fiz. Na verdade n\u00e3o ficou assim grandes coisas n\u00e3o. S\u00f3 a sobremesa, essa sim ficou divina. Mas foi um passo grande. Em dire\u00e7\u00e3o \u00ed\u00a0 que eu n\u00e3o sei. Foi estranho fazer uma ceia inteira. No final estivemos com a casa cheia. Minha av\u00f3 querida, a pessoa que me ama incondicionalmente veio. E foi muito legal. Espero cozinhar mais nesse ano. Porque cozinhei muito, mas comi surpreendentemente pouco. N\u00e3o sei exatamente porque. E foi bom. Eu gosto demais de me surpreender positivamente. Quem n\u00e3o gosta n\u00e9?<\/p>\n<p style=\"text-align: justify;\">Ent\u00e3o deixo esse relatinho aqui, porque o primeiro dia do ano daqui a pouco acaba e eu estou compromissada com o emagrecimento esse ano, e com esse blog em consequ\u00eancia. Tenho registrado tudo no di\u00e1rio, isso \u00e9 imporantate me faz bem, mas preciso elaborar aqui o processo. \u00c9 isso, ent\u00e3o. S\u00f3, mas por enquanto.<\/p>\n<p style=\"text-align: justify;\">Feliz Ano Novo. Bem Leve.<\/p>\n","protected":false},"excerpt":{"rendered":"<p>Faz-se urgente compreender a necessidade de aprender a viver sabiamente.Se queremos uma mudan\u00e7a definitiva, faz-se necess\u00e1rio que tal mudan\u00e7a se verifique primeiro dentro de n\u00f3s mesmos; se n\u00e3o eliminamos nada do que temos internamente, externamente a vida continuar\u00e1 com suas dificuldades&#8221;. Samael Aun Weor ===== Eu vou postar hoje. Ainda n\u00e3o tenho assunto, n\u00e3o tenho &hellip; <a href=\"https:\/\/nalua.in\/blog\/uma-palavra-de-madeira\/\" class=\"more-link\">Continuar lendo <span class=\"screen-reader-text\">Uma palavra de madeira cai no ch\u00e3o<\/span><\/a><\/p>\n","protected":false},"author":1,"featured_media":0,"comment_status":"open","ping_status":"open","sticky":false,"template":"","format":"standard","meta":{"footnotes":""},"categories":[19],"tags":[],"class_list":["post-2060","post","type-post","status-publish","format-standard","hentry","category-diarinho"],"_links":{"self":[{"href":"https:\/\/nalua.in\/blog\/wp-json\/wp\/v2\/posts\/2060","targetHints":{"allow":["GET"]}}],"collection":[{"href":"https:\/\/nalua.in\/blog\/wp-json\/wp\/v2\/posts"}],"about":[{"href":"https:\/\/nalua.in\/blog\/wp-json\/wp\/v2\/types\/post"}],"author":[{"embeddable":true,"href":"https:\/\/nalua.in\/blog\/wp-json\/wp\/v2\/users\/1"}],"replies":[{"embeddable":true,"href":"https:\/\/nalua.in\/blog\/wp-json\/wp\/v2\/comments?post=2060"}],"version-history":[{"count":2,"href":"https:\/\/nalua.in\/blog\/wp-json\/wp\/v2\/posts\/2060\/revisions"}],"predecessor-version":[{"id":165025,"href":"https:\/\/nalua.in\/blog\/wp-json\/wp\/v2\/posts\/2060\/revisions\/165025"}],"wp:attachment":[{"href":"https:\/\/nalua.in\/blog\/wp-json\/wp\/v2\/media?parent=2060"}],"wp:term":[{"taxonomy":"category","embeddable":true,"href":"https:\/\/nalua.in\/blog\/wp-json\/wp\/v2\/categories?post=2060"},{"taxonomy":"post_tag","embeddable":true,"href":"https:\/\/nalua.in\/blog\/wp-json\/wp\/v2\/tags?post=2060"}],"curies":[{"name":"wp","href":"https:\/\/api.w.org\/{rel}","templated":true}]}}