{"id":2048,"date":"2010-08-09T12:36:30","date_gmt":"2010-08-09T14:36:30","guid":{"rendered":"http:\/\/levezadoser.blog.br\/hay-que-empezar-de-cero-para-tocar-el-cielo\/"},"modified":"2010-08-09T12:36:30","modified_gmt":"2010-08-09T14:36:30","slug":"hay-que-empezar-de-cero-para-tocar-el-cielo","status":"publish","type":"post","link":"https:\/\/nalua.in\/blog\/hay-que-empezar-de-cero-para-tocar-el-cielo\/","title":{"rendered":"Hay que empezar de cero, para tocar el cielo"},"content":{"rendered":"<p style=\"text-align:center;\"><img loading=\"lazy\" decoding=\"async\" src=\"http:\/\/nalu.blog.br\/imagens\/leveza\/7abp.jpg\" alt=\"\" width=\"375\" height=\"310\" \/><\/p>\n<p style=\"text-align:center;\"><em>Existem momentos na vida onde a quest\u00e3o de saber se se pode pensar diferentemente do que se pensa, e perceber diferentemente do que se v\u00ea, \u00e9 indispens\u00e1vel para continuar a olhar ou a refletir.&#8221;<br \/>\nMichel Foucault<\/em><\/p>\n<p style=\"text-align:justify;\">Eu queria que todos os dias fossem os primeiros dias do meu ciclo. Porque nesses dias desaparece (mas desaparece mesmo) a minha fome, minha compuls\u00e3o, \u00e9 como se meu c\u00e9rebro liberasse seu pr\u00f3prio regulador de apetite, sua propria anfetamina, sem os efeitos ruins. Eu fico bem, sem nenhuma fome, sem nenhuma compuls\u00e3o. Eu quase esque\u00e7o meso a comida. Eu queria tanto ser assim sempre, todo o ciclo&#8230;<\/p>\n<p style=\"text-align:justify;\">Mas pode ter acontecido que o floral pra compuls\u00e3o esteja fazendo efeito, n\u00e3o sei ao certo, esque\u00e7o demais de tomar. Sabotagem feia essa que fa\u00e7o comigo mesma, porque esque\u00e7o estrategicamente logo isso. tsc tsc tsc&#8230;<\/p>\n<p style=\"text-align:justify;\">Sei que tem uns dias j\u00e1 que estou sem vontade de atacar quilos de chocolate, sem fome toda hora, \u00e9 uma maravilha. Ah, como eu queria que isso durasse, se tivese como. Como a ci\u00eancia n\u00e3o descobriu ainda que substancia reguladora da fome, da compuls\u00e3o desenfreada \u00e9 essa? Porque eu tenho certeza que n\u00e3o sou a \u00fanica mulher que passa por isso.<\/p>\n<p style=\"text-align:justify;\">Imagem daqui, licen\u00e7a creative commons: http:\/\/www.flickr.com\/photos\/h-k-d\/2864168894\/<\/p>\n","protected":false},"excerpt":{"rendered":"<p>Existem momentos na vida onde a quest\u00e3o de saber se se pode pensar diferentemente do que se pensa, e perceber diferentemente do que se v\u00ea, \u00e9 indispens\u00e1vel para continuar a olhar ou a refletir.&#8221; Michel Foucault Eu queria que todos os dias fossem os primeiros dias do meu ciclo. Porque nesses dias desaparece (mas desaparece &hellip; <a href=\"https:\/\/nalua.in\/blog\/hay-que-empezar-de-cero-para-tocar-el-cielo\/\" class=\"more-link\">Continuar lendo <span class=\"screen-reader-text\">Hay que empezar de cero, para tocar el cielo<\/span><\/a><\/p>\n","protected":false},"author":1,"featured_media":0,"comment_status":"open","ping_status":"open","sticky":false,"template":"","format":"standard","meta":{"footnotes":""},"categories":[62],"tags":[],"class_list":["post-2048","post","type-post","status-publish","format-standard","hentry","category-pensamento"],"_links":{"self":[{"href":"https:\/\/nalua.in\/blog\/wp-json\/wp\/v2\/posts\/2048","targetHints":{"allow":["GET"]}}],"collection":[{"href":"https:\/\/nalua.in\/blog\/wp-json\/wp\/v2\/posts"}],"about":[{"href":"https:\/\/nalua.in\/blog\/wp-json\/wp\/v2\/types\/post"}],"author":[{"embeddable":true,"href":"https:\/\/nalua.in\/blog\/wp-json\/wp\/v2\/users\/1"}],"replies":[{"embeddable":true,"href":"https:\/\/nalua.in\/blog\/wp-json\/wp\/v2\/comments?post=2048"}],"version-history":[{"count":0,"href":"https:\/\/nalua.in\/blog\/wp-json\/wp\/v2\/posts\/2048\/revisions"}],"wp:attachment":[{"href":"https:\/\/nalua.in\/blog\/wp-json\/wp\/v2\/media?parent=2048"}],"wp:term":[{"taxonomy":"category","embeddable":true,"href":"https:\/\/nalua.in\/blog\/wp-json\/wp\/v2\/categories?post=2048"},{"taxonomy":"post_tag","embeddable":true,"href":"https:\/\/nalua.in\/blog\/wp-json\/wp\/v2\/tags?post=2048"}],"curies":[{"name":"wp","href":"https:\/\/api.w.org\/{rel}","templated":true}]}}