{"id":2042,"date":"2009-03-28T23:17:38","date_gmt":"2009-03-29T01:17:38","guid":{"rendered":"http:\/\/levezadoser.blog.br\/a-crianca-nova-que-habita\/"},"modified":"2009-03-28T23:17:38","modified_gmt":"2009-03-29T01:17:38","slug":"a-crianca-nova-que-habita","status":"publish","type":"post","link":"https:\/\/nalua.in\/blog\/a-crianca-nova-que-habita\/","title":{"rendered":"a crian\u00e7a nova que habita"},"content":{"rendered":"<p style=\"text-align:center;\"><em><img loading=\"lazy\" decoding=\"async\" src=\"http:\/\/nalu.blog.br\/imagens\/leveza\/mother-earth.jpg\" style=\"display:inline;float:right;margin-bottom:5px;margin-left:5px;width:300px;height:349px;\" width=\"300\" height=\"349\" \/>A Crian\u00e7a Nova que habita onde vivo<br \/>D\u00e1-me uma m\u00e3o a mim<br \/>E a outra a tudo o que existe<br \/>E assim vamos os tr\u00eas pelo caminho que houver,<br \/>Saltando e cantando e rindo<br \/>E gozando o nosso segredo comum<br \/>Que \u00e9 o de saber por toda a parte<br \/>Que n\u00e3o h\u00e1 mist\u00e9rio no mundo<br \/>E que tudo vale a pena.<br \/><\/em><\/p>\n<p style=\"text-align:center;\"><em>A Crian\u00e7a Eterna acompanha-me sempre.<br \/>A dire\u00e7\u00e3o de meu olhar \u00e9 o seu dedo apontando.<br \/>O meu ouvido atento alegremente a todos os sons<br \/>S\u00e3o as c\u00f3cegas que ele me faz, brincando, nas orelhas.<\/p>\n<p>Fernando Pessoa<\/em><\/p>\n<p style=\"text-align:center;\"><em>=====<br \/><\/em><\/p>\n<p style=\"text-align:justify;\">Eu estou gr\u00e1vida de 8 semanas. E n\u00e3o estou enjoando, nem sei o que \u00e9 isso, ainda. Mas, o fato \u00e9 que eu venho ouvindo muito que emagreci, que estou bem e tal. Hoje fui \u00ed\u00a0 dois eventos com dois grupos de amigos diferentes e ouvi 4 vezes que eu &#8220;afinei&#8221;, que estou super bem, que estou bonita&#8230;<\/p>\n<p style=\"text-align:justify;\">Engra\u00e7ado que eu amo estar gr\u00e1vida, amo demais, me acho, me sinto e coisa e tal, mas uma coisa que eu sei \u00e9 que n\u00e3o sou uma gr\u00e1vida do tipo bonita, eu fico mais feia que o normal. Isso n\u00e3o \u00e9 pra ganhar confetes, \u00e9 uma constata\u00e7\u00e3o mesmo, porque apesar de me achar na outra gravidez, eu sei que n\u00e3o estava bonita. E nem nessa, mas realmente eu emagreci e nem tem nada a ver com a gravidez em si (ser\u00e1 mesmo?) porque n\u00e3o estou enjoando. Ah, e nem por isso, por me achar mais feia eu curto menos.<\/p>\n<p style=\"text-align:justify;\">Acho que alguma coisa se curou (ou caminha para a cura), antes da gravidez, e est\u00e1 refletindo agora. De todo modo \u00e9 \u00f3timo ouvir isso, seja como for. Tem tamb\u00e9m o fato de que eu estou mais vaidosa do que nunca, e isso \u00e9 muito engra\u00e7ado, eu nunca fui assim durante tanto tempo seguido. Eu tenho surtos de me arrumar, <em>emperequetar<\/em>, como diz minha m\u00e3e, mas passa r\u00e1pido. Agora n\u00e3o, tem tempo j\u00e1. E t\u00f4 adorando. Muito engra\u00e7ado.<\/p>\n<p style=\"text-align:justify;\">Vejo que essa cura teve muito a ver com a <em>personal witch<\/em>, n\u00e3o sei no que ela mexeu, com seus shiatsus, reikis, agulhas, florais e sotaque chileno. Sei que j\u00e1 fiz muitos tratamentos alternativos, j\u00e1 fiz tudo isso outras vezes, mas nunca tive o resultado de agora.(Isa, nunca vou te agradecer o suficiente.)<\/p>\n<p style=\"text-align:justify;\">E pra falar a verdade eu pratiquei muito o <a href=\"http:\/\/levezadoser.blog.br\/mudras-2\/\" target=\"_blank\" rel=\"noopener\">Brahma Mudra<\/a>, acho que ajudou muito tamb\u00e9m. \u00c9 um mudra f\u00e1cil demais de fazer e eu fazia sempre que me lembrava, por alguns minutos, 2, 3.<\/p>\n<p style=\"text-align:justify;\">O fato \u00e9 que tem muitos anos que eu n\u00e3o me sinto t\u00e3o bem. Espero que este estado dure a gravidez toda, no parto e que depois eu possa reencontrar a pessoa que ficou perdida em algum canto que era eu.<\/p>\n<p style=\"text-align:justify;\"><span style=\"font-size:.9em;\">Eu sei que esse post ficou bem vaidos\u00e3o e meio sem no\u00e7\u00e3o, mas ah, nem ligo, acho bom, isso aqui \u00e9 pra isso mesmo.<\/span><\/p>\n","protected":false},"excerpt":{"rendered":"<p>A Crian\u00e7a Nova que habita onde vivoD\u00e1-me uma m\u00e3o a mimE a outra a tudo o que existeE assim vamos os tr\u00eas pelo caminho que houver,Saltando e cantando e rindoE gozando o nosso segredo comumQue \u00e9 o de saber por toda a parteQue n\u00e3o h\u00e1 mist\u00e9rio no mundoE que tudo vale a pena. A Crian\u00e7a &hellip; <a href=\"https:\/\/nalua.in\/blog\/a-crianca-nova-que-habita\/\" class=\"more-link\">Continuar lendo <span class=\"screen-reader-text\">a crian\u00e7a nova que habita<\/span><\/a><\/p>\n","protected":false},"author":1,"featured_media":0,"comment_status":"open","ping_status":"open","sticky":false,"template":"","format":"standard","meta":{"footnotes":""},"categories":[1],"tags":[],"class_list":["post-2042","post","type-post","status-publish","format-standard","hentry","category-uncategorized"],"_links":{"self":[{"href":"https:\/\/nalua.in\/blog\/wp-json\/wp\/v2\/posts\/2042","targetHints":{"allow":["GET"]}}],"collection":[{"href":"https:\/\/nalua.in\/blog\/wp-json\/wp\/v2\/posts"}],"about":[{"href":"https:\/\/nalua.in\/blog\/wp-json\/wp\/v2\/types\/post"}],"author":[{"embeddable":true,"href":"https:\/\/nalua.in\/blog\/wp-json\/wp\/v2\/users\/1"}],"replies":[{"embeddable":true,"href":"https:\/\/nalua.in\/blog\/wp-json\/wp\/v2\/comments?post=2042"}],"version-history":[{"count":0,"href":"https:\/\/nalua.in\/blog\/wp-json\/wp\/v2\/posts\/2042\/revisions"}],"wp:attachment":[{"href":"https:\/\/nalua.in\/blog\/wp-json\/wp\/v2\/media?parent=2042"}],"wp:term":[{"taxonomy":"category","embeddable":true,"href":"https:\/\/nalua.in\/blog\/wp-json\/wp\/v2\/categories?post=2042"},{"taxonomy":"post_tag","embeddable":true,"href":"https:\/\/nalua.in\/blog\/wp-json\/wp\/v2\/tags?post=2042"}],"curies":[{"name":"wp","href":"https:\/\/api.w.org\/{rel}","templated":true}]}}