{"id":203,"date":"2007-05-03T16:32:31","date_gmt":"2007-05-03T19:32:31","guid":{"rendered":"http:\/\/nalu.in\/203"},"modified":"2007-05-03T16:32:31","modified_gmt":"2007-05-03T19:32:31","slug":"buda","status":"publish","type":"post","link":"https:\/\/nalua.in\/blog\/buda\/","title":{"rendered":"orando"},"content":{"rendered":"<p style=\"text-align: center;\">A<img loading=\"lazy\" decoding=\"async\" class=\"alignleft\" style=\"display: inline; float: right; margin-bottom: 10px; width: 152px; margin-right: 10px; height: 243px; border: 0px solid #000000;\" src=\"http:\/\/www.figurasnalu.blogger.com.br\/buda.jpg\" alt=\"\" width=\"250\" height=\"399\" \/>doro ora\u00e7\u00f5es. Adoro mesmo acho cada uma de cada credo diferente um hino, tem cada um maravilhosa. Recebi essa hoje, achei linda. Parei com o constrangimento (diante de convivas muito crentes, como os ateus e afins) de dizer que eu gostava disso. N\u00e3o s\u00f3 gosto, como acho que elas realmente t\u00eam poder m\u00e1gico. S\u00e3o manifesta\u00e7\u00f5es muito\u00c2\u00a0especiais da alma humana.<\/p>\n<p style=\"text-align: left;\">\n<p style=\"text-align: left;\"><em><strong><span style=\"text-decoration: underline;\"><em><strong>Ora\u00e7\u00e3o dos Budas<\/strong><\/em><\/span><\/strong><\/em><\/p>\n<p style=\"text-align: left;\"><!--more--><\/p>\n<p style=\"text-align: left;\"><em>&#8220;Que todos os seres machucados possam ser curados na luz da compaix\u00e3o.<\/em><\/p>\n<p style=\"text-align: left;\"><em>Que do cora\u00e7\u00e3o de todos os Budas possam brotar as ondas de serenidade.<\/em><\/p>\n<p style=\"text-align: left;\"><em>Que, no sil\u00eancio do invis\u00ed\u00advel, ecoe o chamado espiritual para a regenera\u00e7\u00e3o.<\/em><\/p>\n<p style=\"text-align: left;\"><em>Que os gritos de afli\u00e7\u00e3o sejam transformados em lindas can\u00e7\u00f5es espirituais.<\/em><\/p>\n<p style=\"text-align: left;\"><em>Que as regi\u00f5es abismais sejam transformadas em jardins floridos.<\/em><\/p>\n<p style=\"text-align: left;\"><em>Que o perfume da paz perene se propague pelo \u00e9ter, em todos os cora\u00e7\u00f5es.<\/em><\/p>\n<p style=\"text-align: left;\"><em>Que as correntes das dores antigas se partam diante da a\u00e7\u00e3o da luz serena.<\/em><\/p>\n<p style=\"text-align: left;\"><em>Que os esquecidos do mundo saibam que todos os Budas os amam.<\/em><\/p>\n<p style=\"text-align: left;\"><em>Que os seus pensamentos e sentimentos sejam tocados secretamente, pelo amor.<\/em><\/p>\n<p style=\"text-align: left;\"><em>Que a escurid\u00e3o do ego seja dilu\u00ed\u00adda pela a\u00e7\u00e3o da luz serena e incondicional.<\/em><\/p>\n<p style=\"text-align: left;\"><em>Que todos os cora\u00e7\u00f5es partidos sejam novamente unidos no cora\u00e7\u00e3o dos Budas.<\/em><\/p>\n<p style=\"text-align: left;\"><em>Que seja poss\u00ed\u00advel escutar m\u00fasica novamente e abrir o cora\u00e7\u00e3o ao infinito&#8230;<\/em><\/p>\n<p style=\"text-align: left;\"><em>Que as placas de \u00f3dio se diluam no abra\u00e7o sutil dos Budas que velam na noite.<\/em><\/p>\n<p style=\"text-align: left;\"><em>Que seja poss\u00ed\u00advel novamente se encantar com a vida, em todos os planos.<\/em><\/p>\n<p style=\"text-align: left;\"><em>Que as feridas dos dias sombrios sejam curadas na luz dos Budas silenciosos.<\/em><\/p>\n<p style=\"text-align: left;\"><em>Que seja poss\u00ed\u00advel renovar os caminhos, as escolhas e os atos, para voltar a viver.<\/em><\/p>\n<p style=\"text-align: left;\"><em>Que os Budas transformem as lembran\u00e7as dos dias amargos em risadas gostosas.<\/em><\/p>\n<p style=\"text-align: left;\"><em>Que seja poss\u00ed\u00advel entregar-se ao c\u00e1lido abra\u00e7o da compaix\u00e3o incondicional.<\/em><\/p>\n<p style=\"text-align: left;\"><em>Para que, inspirados pelos Budas, todos despertem e se tornem Budas tamb\u00e9m.<\/em><\/p>\n<p style=\"text-align: left;\"><em>Om mani padme hum<\/em><\/p>\n","protected":false},"excerpt":{"rendered":"<p>Adoro ora\u00e7\u00f5es. Adoro mesmo acho cada uma de cada credo diferente um hino, tem cada um maravilhosa. Recebi essa hoje, achei linda. Parei com o constrangimento (diante de convivas muito crentes, como os ateus e afins) de dizer que eu gostava disso. N\u00e3o s\u00f3 gosto, como acho que elas realmente t\u00eam poder m\u00e1gico. S\u00e3o manifesta\u00e7\u00f5es &hellip; <a href=\"https:\/\/nalua.in\/blog\/buda\/\" class=\"more-link\">Continuar lendo <span class=\"screen-reader-text\">orando<\/span><\/a><\/p>\n","protected":false},"author":1,"featured_media":0,"comment_status":"open","ping_status":"open","sticky":false,"template":"","format":"standard","meta":{"footnotes":""},"categories":[51],"tags":[],"class_list":["post-203","post","type-post","status-publish","format-standard","hentry","category-meditacao"],"_links":{"self":[{"href":"https:\/\/nalua.in\/blog\/wp-json\/wp\/v2\/posts\/203","targetHints":{"allow":["GET"]}}],"collection":[{"href":"https:\/\/nalua.in\/blog\/wp-json\/wp\/v2\/posts"}],"about":[{"href":"https:\/\/nalua.in\/blog\/wp-json\/wp\/v2\/types\/post"}],"author":[{"embeddable":true,"href":"https:\/\/nalua.in\/blog\/wp-json\/wp\/v2\/users\/1"}],"replies":[{"embeddable":true,"href":"https:\/\/nalua.in\/blog\/wp-json\/wp\/v2\/comments?post=203"}],"version-history":[{"count":0,"href":"https:\/\/nalua.in\/blog\/wp-json\/wp\/v2\/posts\/203\/revisions"}],"wp:attachment":[{"href":"https:\/\/nalua.in\/blog\/wp-json\/wp\/v2\/media?parent=203"}],"wp:term":[{"taxonomy":"category","embeddable":true,"href":"https:\/\/nalua.in\/blog\/wp-json\/wp\/v2\/categories?post=203"},{"taxonomy":"post_tag","embeddable":true,"href":"https:\/\/nalua.in\/blog\/wp-json\/wp\/v2\/tags?post=203"}],"curies":[{"name":"wp","href":"https:\/\/api.w.org\/{rel}","templated":true}]}}