{"id":2026,"date":"2008-11-26T23:36:21","date_gmt":"2008-11-27T01:36:21","guid":{"rendered":"http:\/\/levezadoser.blog.br\/?p=338"},"modified":"2008-11-26T23:36:21","modified_gmt":"2008-11-27T01:36:21","slug":"some-furia-2","status":"publish","type":"post","link":"https:\/\/nalua.in\/blog\/some-furia-2\/","title":{"rendered":"some f\u00faria"},"content":{"rendered":"<div style=\"text-align:justify;\">\n<div style=\"text-align:center;\">\n<em><strong>F\u00faria nas trevas o vento<br \/>\nNum grande som de alongar,<br \/>\nN\u00e3o h\u00e1 no meu pensamento<br \/>\nSen\u00e3o n\u00e3o poder parar.<\/strong><\/em><br \/>\n<em><strong>Parece que a alma tem<br \/>\nTreva onde sopre a crescer<br \/>\nUma loucura que vem<br \/>\nDe querer compreender.<\/strong><\/em><br \/>\n<em><strong>Raiva nas trevas o vento<br \/>\nSem se poder libertar.<br \/>\nEstou preso ao meu pensamento<br \/>\nComo o vento preso ao ar.<\/strong><\/em><\/div>\n<p style=\"text-align:center;\">Fernando Pessoa, in &#8220;Cancioneiro&#8221;<\/p>\n<p style=\"text-align:center;\">\n<p style=\"text-align:center;\">Esse poema traduz tudo que estou sendo no momento.<\/p>\n<p style=\"text-align:center;\">=====<\/p>\n<p><img loading=\"lazy\" decoding=\"async\" id=\"n13n\" style=\"margin:1em 1em 0 0;float:left;\" src=\"http:\/\/docs.google.com\/File?id=dcgsnrz7_159cqvdp5gw_b\" alt=\"\" width=\"248\" height=\"188\" \/>O que fazer quando um dia s\u00e3o muitos dias num s\u00f3? S\u00e3o muitos meses, s\u00e3o muitas vidas num s\u00f3 dia? O que fazer quando o dia \u00e9 cheio de som e f\u00faria e sem abrigo, sem porto seguro, sem velas ao longe? O que fazer quando o dia \u00e9 t\u00e3o cheio de meses e anos que n\u00e3o se tem um pingo de fome, mas se tem um fixa\u00e7\u00e3o oral incontrol\u00e1vel? Quando na verdade s\u00f3 o \u00fatero ou o seio materno adiantariam pra amenizar tanto sentimento junto?<br \/>\nNada \u00e9 suficientemente saud\u00e1vel num dia assim.<\/div>\n","protected":false},"excerpt":{"rendered":"<p>F\u00faria nas trevas o vento Num grande som de alongar, N\u00e3o h\u00e1 no meu pensamento Sen\u00e3o n\u00e3o poder parar. Parece que a alma tem Treva onde sopre a crescer Uma loucura que vem De querer compreender. Raiva nas trevas o vento Sem se poder libertar. Estou preso ao meu pensamento Como o vento preso ao &hellip; <a href=\"https:\/\/nalua.in\/blog\/some-furia-2\/\" class=\"more-link\">Continuar lendo <span class=\"screen-reader-text\">some f\u00faria<\/span><\/a><\/p>\n","protected":false},"author":1,"featured_media":0,"comment_status":"open","ping_status":"open","sticky":false,"template":"","format":"standard","meta":{"footnotes":""},"categories":[1],"tags":[],"class_list":["post-2026","post","type-post","status-publish","format-standard","hentry","category-uncategorized"],"_links":{"self":[{"href":"https:\/\/nalua.in\/blog\/wp-json\/wp\/v2\/posts\/2026","targetHints":{"allow":["GET"]}}],"collection":[{"href":"https:\/\/nalua.in\/blog\/wp-json\/wp\/v2\/posts"}],"about":[{"href":"https:\/\/nalua.in\/blog\/wp-json\/wp\/v2\/types\/post"}],"author":[{"embeddable":true,"href":"https:\/\/nalua.in\/blog\/wp-json\/wp\/v2\/users\/1"}],"replies":[{"embeddable":true,"href":"https:\/\/nalua.in\/blog\/wp-json\/wp\/v2\/comments?post=2026"}],"version-history":[{"count":0,"href":"https:\/\/nalua.in\/blog\/wp-json\/wp\/v2\/posts\/2026\/revisions"}],"wp:attachment":[{"href":"https:\/\/nalua.in\/blog\/wp-json\/wp\/v2\/media?parent=2026"}],"wp:term":[{"taxonomy":"category","embeddable":true,"href":"https:\/\/nalua.in\/blog\/wp-json\/wp\/v2\/categories?post=2026"},{"taxonomy":"post_tag","embeddable":true,"href":"https:\/\/nalua.in\/blog\/wp-json\/wp\/v2\/tags?post=2026"}],"curies":[{"name":"wp","href":"https:\/\/api.w.org\/{rel}","templated":true}]}}