{"id":2019,"date":"2008-11-16T23:38:37","date_gmt":"2008-11-17T01:38:37","guid":{"rendered":"http:\/\/levezadoser.blog.br\/?p=305"},"modified":"2008-11-16T23:38:37","modified_gmt":"2008-11-17T01:38:37","slug":"juizo","status":"publish","type":"post","link":"https:\/\/nalua.in\/blog\/juizo\/","title":{"rendered":"ju\u00ed\u00adzo"},"content":{"rendered":"<p><img decoding=\"async\" style=\"width:250px;height:375.235px;float:right;margin:1em 0 0 1em;\" src=\"http:\/\/docs.google.com\/File?id=dcgsnrz7_144c26qbqgk_b\" alt=\"\" \/><\/p>\n<div style=\"text-align:justify;\">Vou recome\u00e7ar pela <span style=\"text-decoration:line-through;\">cent\u00e9<\/span>&#8230; N\u00e3o, nem vou contar, n\u00e3o posso. Mas n\u00e3o posso tamb\u00e9m ficar sem vir aqui. Eu preciso de um grupo de apoio, eu preciso estar em contato com esses assuntos, alimenta\u00e7\u00e3o saud\u00e1vel reeduca\u00e7\u00e3o e etc, porque sen\u00e3o eu vivo como se amanh\u00e3 n\u00e3o houvesse.<\/div>\n<div style=\"text-align:justify;\"><\/div>\n<div style=\"text-align:justify;\">E vou gradativamente esquecendo as coisas e deixando uma rotina me engolir e eu esque\u00e7o das escolhas saud\u00e1veis e me afogo em a\u00e7\u00facar.<\/div>\n<div style=\"text-align:justify;\"><\/div>\n<div style=\"text-align:justify;\">Preciso voltar a escrever, a me lembrar. Eu n\u00e3o posso me distrair. N\u00e3o agora. E comer \u00e9 pra sempre, como eu li <a href=\"http:\/\/comportamentomagro.blogspot.com\" target=\"_blank\" rel=\"noopener\">neste blog aqui<\/a>, que me lembrou que eu preciso pensar em mim. Em cuidar de mim, porque sen\u00e3o&#8230;<\/div>\n<div style=\"text-align:justify;\"><\/div>\n<div style=\"text-align:justify;\">Ent\u00e3o comecemos bem a semana, querida. Tenta por um pouco de ju\u00ed\u00adzo nessa cabecinha oca, ok?<\/div>\n","protected":false},"excerpt":{"rendered":"<p>Vou recome\u00e7ar pela cent\u00e9&#8230; N\u00e3o, nem vou contar, n\u00e3o posso. Mas n\u00e3o posso tamb\u00e9m ficar sem vir aqui. Eu preciso de um grupo de apoio, eu preciso estar em contato com esses assuntos, alimenta\u00e7\u00e3o saud\u00e1vel reeduca\u00e7\u00e3o e etc, porque sen\u00e3o eu vivo como se amanh\u00e3 n\u00e3o houvesse. E vou gradativamente esquecendo as coisas e deixando &hellip; <a href=\"https:\/\/nalua.in\/blog\/juizo\/\" class=\"more-link\">Continuar lendo <span class=\"screen-reader-text\">ju\u00ed\u00adzo<\/span><\/a><\/p>\n","protected":false},"author":1,"featured_media":0,"comment_status":"open","ping_status":"open","sticky":false,"template":"","format":"standard","meta":{"footnotes":""},"categories":[1],"tags":[],"class_list":["post-2019","post","type-post","status-publish","format-standard","hentry","category-uncategorized"],"_links":{"self":[{"href":"https:\/\/nalua.in\/blog\/wp-json\/wp\/v2\/posts\/2019","targetHints":{"allow":["GET"]}}],"collection":[{"href":"https:\/\/nalua.in\/blog\/wp-json\/wp\/v2\/posts"}],"about":[{"href":"https:\/\/nalua.in\/blog\/wp-json\/wp\/v2\/types\/post"}],"author":[{"embeddable":true,"href":"https:\/\/nalua.in\/blog\/wp-json\/wp\/v2\/users\/1"}],"replies":[{"embeddable":true,"href":"https:\/\/nalua.in\/blog\/wp-json\/wp\/v2\/comments?post=2019"}],"version-history":[{"count":0,"href":"https:\/\/nalua.in\/blog\/wp-json\/wp\/v2\/posts\/2019\/revisions"}],"wp:attachment":[{"href":"https:\/\/nalua.in\/blog\/wp-json\/wp\/v2\/media?parent=2019"}],"wp:term":[{"taxonomy":"category","embeddable":true,"href":"https:\/\/nalua.in\/blog\/wp-json\/wp\/v2\/categories?post=2019"},{"taxonomy":"post_tag","embeddable":true,"href":"https:\/\/nalua.in\/blog\/wp-json\/wp\/v2\/tags?post=2019"}],"curies":[{"name":"wp","href":"https:\/\/api.w.org\/{rel}","templated":true}]}}