{"id":2014,"date":"2008-11-04T11:41:09","date_gmt":"2008-11-04T13:41:09","guid":{"rendered":"http:\/\/levezadoser.blog.br\/abismo-e-borboletas\/"},"modified":"2008-11-04T11:41:09","modified_gmt":"2008-11-04T13:41:09","slug":"abismo-e-borboletas","status":"publish","type":"post","link":"https:\/\/nalua.in\/blog\/abismo-e-borboletas\/","title":{"rendered":"abismo e borboletas"},"content":{"rendered":"<table style=\"width:147px;height:238px;\" border=\"0\" cellspacing=\"0\" cellpadding=\"5\" width=\"147\" align=\"left\">\n<tbody>\n<tr valign=\"top\">\n<td class=\"legenda\" colspan=\"2\" height=\"217\"><a href=\"janela('a00.html',600,450,'out')\"><\/a><\/p>\n<p style=\"text-align:center;\"><a rel=\"lightbox noopener\" href=\"http:\/\/nalu.blog.br\/imagens\/leveza\/Europeanbutterfly.jpg\" target=\"_blank\"><img loading=\"lazy\" decoding=\"async\" style=\"width:128px;height:182px;\" src=\"http:\/\/nalu.blog.br\/imagens\/leveza\/Europeanbutterfly.jpg\" alt=\"\" width=\"128\" height=\"182\" \/><\/a><br \/>\n<em style=\"font-size:9px;\"><span style=\"font-size:9px;\"><em style=\"font-size:9px;\">Clique para ampliar<\/em> &#8211; Dom\u00ed\u00adnio P\u00fablico<\/span><\/em><\/td>\n<\/tr>\n<\/tbody>\n<\/table>\n<p>\u00c2\u00a0<\/p>\n<p style=\"text-align:center;\"><span style=\"font-size:medium;\"><em><strong><span style=\"font-size:medium;\"><em><span style=\"font-size:18px;\">&#8220;E se voc\u00ea olhar longamente para um abismo, o abismo tamb\u00e9m olha para dentro de voc\u00ea.&#8221;<\/span><\/em><\/span><\/strong><\/em><\/span><\/p>\n<div style=\"text-align:center;\"><span style=\"font-size:xx-small;\"><em>Friedrich Nietzsche. Al\u00e9m do Bem e do Mal,<\/em><\/span><\/div>\n<div style=\"text-align:center;\">\n<div style=\"text-align:center;\"><span style=\"font-size:xx-small;\"><em>Ed. Companhia das letras, p\u00e1g 79, aforismo 146.<\/em><\/span><\/div>\n<\/div>\n<p><span style=\"font-size:9px;\"><br \/>\n<\/span><\/p>\n<div style=\"text-align:center;\">=====<\/div>\n<div style=\"text-align:center;\"><\/div>\n<div style=\"text-align:justify;\">Mais de uma semana sem vir aqui. E uma p\u00e9ssima semana em termos alimentares. Tive muitas crises de compuls\u00e3o bravas. Muito chocolate, muita comida sem no\u00e7\u00e3o. E algumas conclus\u00f5es tamb\u00e9m.<\/div>\n<p>A primeira delas \u00e9 que eu realmente preciso de alguma ajuda, sozinha t\u00e1 muito dificil. Quando eu estou perto de algum grupo ou algum programa fica mais f\u00e1cil me motivar, eu encontro mais \u00e2nimo pra tentar, pra fazer card\u00e1pio, fazer pratos leves, comer frutas e tal. Vou tentar desenvolver esse assunto em outros posts.<\/p>\n<div style=\"text-align:justify;\">\n\u00c2\u00a0<\/p>\n<div style=\"text-align:justify;\">Se eu estou por minha conta, eu sou a menina das borboletas.<\/div>\n<p>A segunda conclus\u00e3o \u00e9 que a minha hist\u00f3ria \u00e9 a seguinte: eu tenho um enorme abismo, escuro e cheio de perigos que preciso encarar. Eu preciso me atirar nesse abismo, atravess\u00e1-lo para conseguir superar algumas coisas na minha vida, coisas essenciais e cruciais. E o caminho at\u00e9 o abismo \u00e9 longo, longo e cheio de obst\u00e1culos e perigos. Uma verdadeira floresta dos contos de fada. Uma verdadeira jornada do her\u00f3i.<br \/>\nE eu me armo, me encho de suprimentos, e fa\u00e7o um trabalho \u00e1rduo pra chegar at\u00e9 l\u00e1. Caminho, me perco, sofro, mas chego \u00ed\u00a0 beira do abismo. E o abismo \u00e9 fascinante, \u00e9 maravilhosamente tenebroso. Assustador. Eu caminho at\u00e9 sua beirada e me abaixo para encar\u00e1-lo. Naquilo que seria talvez o momento mais importante da minha vida. Encarar o abismo, travar um di\u00e1logo com ele, atravess\u00e1-lo. E ai, bem na hora H, em que eu estou quase nauseada de olhar a profundidade desse abismo, passa uma linda borboleta colorida na minha frente e eu me distraio com a beleza de suas cores, de seu v\u00f4o e saio correndo atr\u00e1s dela, enlevada.<\/p>\n<table style=\"width:268px;height:197px;\" border=\"0\" cellspacing=\"0\" cellpadding=\"5\" width=\"268\" align=\"right\">\n<tbody>\n<tr valign=\"top\">\n<td class=\"legenda\" colspan=\"2\" height=\"217\"><a href=\"janela('a00.html',600,450,'out')\"><\/a><\/p>\n<p style=\"text-align:center;\"><a rel=\"lightbox noopener\" href=\"http:\/\/nalu.blog.br\/imagens\/leveza\/abismop.jpg\" target=\"_blank\"><img loading=\"lazy\" decoding=\"async\" style=\"width:245px;height:149px;\" src=\"http:\/\/nalu.blog.br\/imagens\/leveza\/abismop.jpg\" alt=\"\" width=\"245\" height=\"149\" \/><\/a><\/p>\n<p style=\"text-align:center;\"><em style=\"font-size:9px;\"><span style=\"font-size:9px;\"><em style=\"font-size:9px;\">Clique para ampliar<\/em> &#8211; Imagem daqui, creative commons<\/span><\/em><\/p>\n<\/td>\n<\/tr>\n<\/tbody>\n<\/table>\n<p>E quando percebo, estou de volta ao come\u00e7o do caminho, distra\u00ed\u00adda e atra\u00ed\u00adda por uma borboleta colorida. Assim tem sido minha hist\u00f3ria, perdendo o foco toda hora com borboletas. Hipnotizada pela flauta de Hamelin. E o esfor\u00e7o que eu tenho que fazer: Deixar de lado as borboletas, por mais atraentes que sejam e me concentrar, me fixar no foco. \u00c9 isso.<br \/>\n\u00c2\u00a0<br \/>\n<a href=\"http:\/\/www.dominiopublico.gov.br\/download\/texto\/bk000290.pdf\" target=\"_blank\" rel=\"noopener\"><em><span style=\"color:#4b6494;\">Aqui encontra-se dispon\u00ed\u00advel para download o livro Al\u00e9m do bem e do Mal, de dom\u00ed\u00adnio p\u00fablico. Em espanhol.<\/span><\/em><\/a><\/div>\n","protected":false},"excerpt":{"rendered":"<p>Clique para ampliar &#8211; Dom\u00ed\u00adnio P\u00fablico \u00c2\u00a0 &#8220;E se voc\u00ea olhar longamente para um abismo, o abismo tamb\u00e9m olha para dentro de voc\u00ea.&#8221; Friedrich Nietzsche. Al\u00e9m do Bem e do Mal, Ed. Companhia das letras, p\u00e1g 79, aforismo 146. ===== Mais de uma semana sem vir aqui. E uma p\u00e9ssima semana em termos alimentares. Tive &hellip; <a href=\"https:\/\/nalua.in\/blog\/abismo-e-borboletas\/\" class=\"more-link\">Continuar lendo <span class=\"screen-reader-text\">abismo e borboletas<\/span><\/a><\/p>\n","protected":false},"author":1,"featured_media":0,"comment_status":"open","ping_status":"open","sticky":false,"template":"","format":"standard","meta":{"footnotes":""},"categories":[1],"tags":[],"class_list":["post-2014","post","type-post","status-publish","format-standard","hentry","category-uncategorized"],"_links":{"self":[{"href":"https:\/\/nalua.in\/blog\/wp-json\/wp\/v2\/posts\/2014","targetHints":{"allow":["GET"]}}],"collection":[{"href":"https:\/\/nalua.in\/blog\/wp-json\/wp\/v2\/posts"}],"about":[{"href":"https:\/\/nalua.in\/blog\/wp-json\/wp\/v2\/types\/post"}],"author":[{"embeddable":true,"href":"https:\/\/nalua.in\/blog\/wp-json\/wp\/v2\/users\/1"}],"replies":[{"embeddable":true,"href":"https:\/\/nalua.in\/blog\/wp-json\/wp\/v2\/comments?post=2014"}],"version-history":[{"count":0,"href":"https:\/\/nalua.in\/blog\/wp-json\/wp\/v2\/posts\/2014\/revisions"}],"wp:attachment":[{"href":"https:\/\/nalua.in\/blog\/wp-json\/wp\/v2\/media?parent=2014"}],"wp:term":[{"taxonomy":"category","embeddable":true,"href":"https:\/\/nalua.in\/blog\/wp-json\/wp\/v2\/categories?post=2014"},{"taxonomy":"post_tag","embeddable":true,"href":"https:\/\/nalua.in\/blog\/wp-json\/wp\/v2\/tags?post=2014"}],"curies":[{"name":"wp","href":"https:\/\/api.w.org\/{rel}","templated":true}]}}