{"id":2010,"date":"2008-10-19T19:18:00","date_gmt":"2008-10-19T21:18:00","guid":{"rendered":"http:\/\/levezadoser.blog.br\/241\/"},"modified":"2008-10-19T19:18:00","modified_gmt":"2008-10-19T21:18:00","slug":"casa-na-areia","status":"publish","type":"post","link":"https:\/\/nalua.in\/blog\/casa-na-areia\/","title":{"rendered":"casa na areia"},"content":{"rendered":"<div style=\"text-align:justify;\">\n<table style=\"width:371px;height:306px;\" width=\"371\" align=\"left\" bgcolor=\"#F5F9FF\" border=\"0\" class=\"zeroborder\">\n<tbody>\n<tr>\n<td>\n<p style=\"text-align:center;\"><img loading=\"lazy\" decoding=\"async\" src=\"http:\/\/www.nalu.blog.br\/imagens\/casanaareia.jpg\" alt=\"\" height=\"262\" width=\"350\" \/><\/p>\n<\/td>\n<\/tr>\n<tr>\n<td>\n<p style=\"text-align:center;\"><span style=\"font-size:.6em;\"><span style=\"font-size:.6em;\">Imagem<\/span> <a href=\"http:\/\/www.flickr.com\/photos\/visulogik\/1619008375\/\" target=\"_blank\" rel=\"noopener\">daqui<\/a>, <span style=\"font-size:8px;\">creative commons<\/span><\/span><\/p>\n<\/td>\n<\/tr>\n<\/tbody>\n<\/table>\n<div style=\"text-align:center;\"><em><strong>ERRO<\/strong><\/em><\/div>\n<p style=\"text-align:center;\"><strong><em>Edifiquei minha casa<\/em> <em>sobre a areia<\/em> <em>Todo dia recome\u00e7o<\/em><\/strong><\/p>\n<p style=\"text-align:center;\">Eunice Arruda<\/p>\n<p style=\"text-align:center;\"><em><span style=\"font-family:Trebuchet MS;\">=====<\/span><\/em><\/p>\n<p style=\"text-align:center;\">\n<div style=\"text-align:justify;\">O estrago desses dias sem estar atenta foi grande. Juntou a falta de planejamento, que me fez n\u00e3o comprar boas coisas saud\u00e1veis, a s\u00ed\u00adndrome do jaque, uma dispers\u00e3o sem tamanho, que quase me preocupa.<\/div>\n<p style=\"text-align:center;\">\n<p> O que eu poderia dizer hoje? Que constru\u00ed\u00ad minha casa sobre a areia? Que n\u00e3o sei porque o erro \u00e9 mais forte do que eu? Que perco tempo vida e alegria nessa brincadeira chata de querer emagrecer. Que eu n\u00e3o sei realmente porque sempre erro? Nem porque insisto em n\u00e3o me aceitar como sou?<\/p><\/div>\n<div style=\"text-align:justify;\">\n<blockquote>\n<p><em><em>Estou comigo mesmo a cada minuto do dia. N\u00e3o tenho nenhum descanso das minhas fraquezas, nenhuma aus\u00eancia de mim mesmo. \u00c9 dificil ter que ouvir aquela voz interior implac\u00e1vel, sempre mostrando meus erros e falhas. (Do livro dos Comedores Compulsivos An\u00f4nimos &#8211; Para Hoje, p\u00e1g. 285, 11 de outubro)<\/em><\/em><\/p>\n<\/blockquote><\/div>\n<div style=\"text-align:justify;\">E de que adiantaria aus\u00eancia de mim se teria que retornar as mesmas falhas? O fato: N\u00e3o emagreci. N\u00e3o engordei tamb\u00e9m, o que seria at\u00e9 aceit\u00e1vel, com tanto descuido. Tanto descuido. Descuidada demais, estou eu. Preciso estar atenta, preciso ver agora. Retomo a respira\u00e7\u00e3o para encontrar o caminho. Respire fundo, Inspira, expira. Mas descubro que s\u00f3 d\u00f3i quando eu respiro. \u00c9 isso, sem cabe\u00e7a nem p\u00e9s de barro. Seguindo. S\u00f3 pra n\u00e3o perder o costume. Eu venho aqui porque quero alguma coisa. Preciso comer frutas. Frutas. Verduras. Gr\u00e3os integrais. Reduzir a\u00e7\u00facar, massa. Caminhar. \u00c9 isso. T\u00e3o simples, t\u00e3o complicado! Amanh\u00e3 \u00e9 segunda, dia bom, quando eu estou em dia com meu trabalho. Estar em dia no trabalho me traz leveza. Amanh\u00e3 vou seguir firme, firme. Minha primeira meta \u00e9 emagrecer 7 quilos. Nada mais, se eu conseguir j\u00e1 vai ser um grande feito, grande mesmo. Amanh\u00e3 vou tomar ch\u00e1, vou comer frutas, tomar \u00e1gua, fazer o qi, meditar, trabalhar bem e evitar a\u00e7\u00facar. Enfim, amanh\u00e3 vou me cuidar.<\/div>\n","protected":false},"excerpt":{"rendered":"<p>Imagem daqui, creative commons ERRO Edifiquei minha casa sobre a areia Todo dia recome\u00e7o Eunice Arruda ===== O estrago desses dias sem estar atenta foi grande. Juntou a falta de planejamento, que me fez n\u00e3o comprar boas coisas saud\u00e1veis, a s\u00ed\u00adndrome do jaque, uma dispers\u00e3o sem tamanho, que quase me preocupa. O que eu poderia &hellip; <a href=\"https:\/\/nalua.in\/blog\/casa-na-areia\/\" class=\"more-link\">Continuar lendo <span class=\"screen-reader-text\">casa na areia<\/span><\/a><\/p>\n","protected":false},"author":1,"featured_media":0,"comment_status":"open","ping_status":"open","sticky":false,"template":"","format":"standard","meta":{"footnotes":""},"categories":[1],"tags":[],"class_list":["post-2010","post","type-post","status-publish","format-standard","hentry","category-uncategorized"],"_links":{"self":[{"href":"https:\/\/nalua.in\/blog\/wp-json\/wp\/v2\/posts\/2010","targetHints":{"allow":["GET"]}}],"collection":[{"href":"https:\/\/nalua.in\/blog\/wp-json\/wp\/v2\/posts"}],"about":[{"href":"https:\/\/nalua.in\/blog\/wp-json\/wp\/v2\/types\/post"}],"author":[{"embeddable":true,"href":"https:\/\/nalua.in\/blog\/wp-json\/wp\/v2\/users\/1"}],"replies":[{"embeddable":true,"href":"https:\/\/nalua.in\/blog\/wp-json\/wp\/v2\/comments?post=2010"}],"version-history":[{"count":0,"href":"https:\/\/nalua.in\/blog\/wp-json\/wp\/v2\/posts\/2010\/revisions"}],"wp:attachment":[{"href":"https:\/\/nalua.in\/blog\/wp-json\/wp\/v2\/media?parent=2010"}],"wp:term":[{"taxonomy":"category","embeddable":true,"href":"https:\/\/nalua.in\/blog\/wp-json\/wp\/v2\/categories?post=2010"},{"taxonomy":"post_tag","embeddable":true,"href":"https:\/\/nalua.in\/blog\/wp-json\/wp\/v2\/tags?post=2010"}],"curies":[{"name":"wp","href":"https:\/\/api.w.org\/{rel}","templated":true}]}}