{"id":201,"date":"2007-05-30T13:26:00","date_gmt":"2007-05-30T16:26:00","guid":{"rendered":"http:\/\/nalu.in\/201"},"modified":"2007-05-30T13:26:00","modified_gmt":"2007-05-30T16:26:00","slug":"lua-azul","status":"publish","type":"post","link":"https:\/\/nalua.in\/blog\/lua-azul\/","title":{"rendered":"lua azul"},"content":{"rendered":"<div style=\"font-weight: bold; font-size: 20px; color: #004080; text-align: center;\"><img loading=\"lazy\" decoding=\"async\" class=\"alignleft  wp-image-2262\" src=\"http:\/\/nalu.in\/wp-content\/uploads\/2007\/05\/bluemoon.jpg\" alt=\"bluemoon\" width=\"226\" height=\"169\" srcset=\"https:\/\/nalua.in\/blog\/wp-content\/uploads\/2007\/05\/bluemoon.jpg 435w, https:\/\/nalua.in\/blog\/wp-content\/uploads\/2007\/05\/bluemoon-300x225.jpg 300w\" sizes=\"auto, (max-width: 226px) 100vw, 226px\" \/>Lua Azul<\/div>\n<p>&nbsp;<\/p>\n<div style=\"text-align: right;\"><span style=\"color: #004080;\"><em>Por Hector Othon<br \/>\nhectorcubano@terra.com.br<br \/>\n<\/em><br \/>\n<\/span><\/div>\n<div style=\"text-align: justify;\">\n<span style=\"color: #004080;\">A Lua Azul associa-se abund\u00e2ncia de for\u00e7a magn\u00e9tica e poder espiritual capaz de propiciar profundas purifica\u00e7\u00f5es emocionais que quando vivida na inconsci\u00eancia e na car\u00eancia pode levar ao sofrimento.<\/span><br \/>\nOu\u00e7a <span style=\"color: #004080;\"><embed id=\"radioblog_player_0\" src=\"http:\/\/stat.radioblogclub.com\/radio.blog\/skins\/mini\/player.swf\" type=\"application\/x-shockwave-flash\" width=\"180\" height=\"23\"><\/embed>\u00c2\u00a0<\/span><span style=\"color: #004080;\">\u00c2\u00a0<a href=\"http:\/\/livros.blog.com\/1724137\/\" target=\"_blank\" rel=\"noopener\"><img loading=\"lazy\" decoding=\"async\" style=\"display: inline; width: 48px; height: 44px; border: #000000 0px solid;\" src=\"http:\/\/www.figurasnalu.blogger.com.br\/book.gif\" alt=\"\" width=\"48\" height=\"44\" \/><\/a>\u00c2\u00a0<\/span>L<a href=\"http:\/\/livros.blog.com\/1724137\/\" target=\"_blank\" rel=\"noopener\">eia<\/a>:<br \/>\n&nbsp;\n<\/div>\n<p style=\"text-align: center;\"><strong><span style=\"color: #004080;\">\u00c2\u00a0O que \u00e9 Lua Azul?<\/span><\/strong><!--more--><\/p>\n<div style=\"text-align: center;\"><\/div>\n<p><span style=\"color: #004080;\"><br \/>\nChama-se Lua Azul a segunda lua cheia num mesmo m\u00eas do calend\u00e1rio gregoriano ou a Lua Cheia do d\u00e9cimo terceiro ciclo de luna\u00e7\u00e3o, fechando o ano solar.<br \/>\nSegunda lua cheia de um mesmo m\u00eas. Quando a Lua Cheia cai no dia primeiro de um m\u00eas de 31 dias, no dia 31 ter\u00e1 outra Lua Cheia, a Lua Azul.<\/span><br \/>\n&nbsp;<\/p>\n<p style=\"text-align: justify;\"><span style=\"color: #004080;\">A Lua Azul acontece, em m\u00e9dia, uma vez a cada dois anos e sete meses, sete vezes a cada dezenove anos e trinta e seis vezes num s\u00e9culo. Isso se deve a que um m\u00eas terrestre tem em m\u00e9dia 30,5 dias enquanto o m\u00eas lunar tem 29,5 dias. Pode acontecer ter dois meses no mesmo ano com Lua Azul. Isto acontece se a primeira Lua Cheia cair no primeiro de janeiro, como fevereiro tem apenas 28 dias, as pr\u00f3ximas duas luas cheias se repetem em mar\u00e7o. Tal coincid\u00eancia ocorre apenas quatro anos em cada s\u00e9culo, (o pr\u00f3ximo ser\u00e1 s\u00f3 no distante 2018). O folclorista canadense Philip Scock, ap\u00f3s ter pesquisado ind\u00ed\u00adcios da origem da Lua Azul, afirma que a express\u00e3o \u00e9 usada desde o s\u00e9culo XVI para representar uma Lua cheia especial, desafiante, associada ao desatino e a alucina\u00e7\u00e3o.<br \/>\n<\/span><\/p>\n<div style=\"text-align: center;\"><span style=\"color: #004080;\"><strong>Lua Azul do d\u00e9cimo terceiro ciclo de luna\u00e7\u00e3o<\/strong><\/span><\/div>\n<p style=\"text-align: justify;\"><span style=\"color: #004080;\">Nos calend\u00e1rios lunares \u00ed\u00a0 lua cheia do d\u00e9cimo terceiro m\u00eas se lhe chama tamb\u00e9m de Lua Azul<a href=\"http:\/\/nalu.in\/wp-content\/uploads\/2007\/05\/bluemoon2.jpg\"><img loading=\"lazy\" decoding=\"async\" class=\"alignleft  wp-image-2263\" src=\"http:\/\/nalu.in\/wp-content\/uploads\/2007\/05\/bluemoon2.jpg\" alt=\"bluemoon2\" width=\"265\" height=\"230\" srcset=\"https:\/\/nalua.in\/blog\/wp-content\/uploads\/2007\/05\/bluemoon2.jpg 374w, https:\/\/nalua.in\/blog\/wp-content\/uploads\/2007\/05\/bluemoon2-300x261.jpg 300w\" sizes=\"auto, (max-width: 265px) 100vw, 265px\" \/><\/a>. Ao ser o \u00faltimo ciclo de lua do ano, ocorre nele tamb\u00e9m uma s\u00ed\u00adntese do vivido durante todo o ano.<\/span><\/p>\n<div style=\"text-align: center;\"><span style=\"color: #004080;\"><strong><span style=\"color: #004080;\">Lua Azul de Maio.<\/span><\/strong><\/span><\/div>\n<p style=\"text-align: center;\"><span style=\"color: #004080;\"><br \/>\n<em>A primeira \u00e9 em 2 de maio \u00ed\u00a0s 07h09. Sol em Touro, Lua em Escorpi\u00e3o Lua de Wesak.<br \/>\nA segunda \u00e9 em 31 de maio \u00ed\u00a0s 22h03. Sol em G\u00eameos, Lua em Sagit\u00e1rio. Lua Azul<\/em><\/span><\/p>\n<p style=\"text-align: justify;\"><span style=\"color: #004080;\">Assim, no m\u00eas de maio, a for\u00e7a da lua cheia de Wesak, Lua Cheia do Buda em 02 de maio, adiciona-se a for\u00e7a da Lua Cheia do dia 31, Lua Azul, segundo o calend\u00e1rio gregoriano. Pela configura\u00e7\u00e3o planet\u00e1ria (cruz planet\u00e1ria) que acompanha esta Lua e pelas significa\u00e7\u00f5es do calend\u00e1rio sagrado, estes dias devem ser vividos alinhados ao melhor de si, em busca de cura emocional, presen\u00e7a consistente e virtuosa e amplid\u00e3o espiritual.<\/span><\/p>\n<p>Compartilho a seguir um texto que recebi sobre como ritualizar a Lua Azul de Mirella Faur.<\/p>\n<div style=\"text-align: center;\"><strong><span style=\"color: #004080;\">Ritual da Lua Azul por Mirella Faur<\/span><\/strong><\/div>\n<p style=\"text-align: justify;\"><span style=\"color: #004080;\">Com o surgimento do calend\u00e1rio Juliano, no in\u00ed\u00adcio do cristianismo, o culto \u00ed\u00a0 Lua Azul passou a ser reprimido por ser considerado uma exacerba\u00e7\u00e3o da simbologia lunar, do poder feminino e do culto \u00ed\u00a0s Deusas, assuntos perseguidos e proibidos. Mesmo assim, permaneceu sua aura rom\u00e2ntica e po\u00e9tica e a Lua Azul passou a ser associada \u00ed\u00a0 cren\u00e7a de que era prop\u00ed\u00adcia ao romance e ao encontro de parceiros. Surgiu o termo ingl\u00eas blue moon, significando algo muito raro, imposs\u00ed\u00advel, dando origem a in\u00fameras m\u00fasicas e poemas melanc\u00f3licos ou esperan\u00e7osos&#8221;.<\/span><\/p>\n<p>&nbsp;<\/p>\n<p style=\"text-align: justify;\"><span style=\"color: #004080;\">Na Mitologia Celta, esta Lua favorece o contato com o Reino Encantado dos seres da natureza. Invocam-se as Rainhas das Fadas &#8211; Aeval, Aine, Aynia, Bri, Creide, Mah e Sin &#8211; e empreendem-se viagens reais ou imagin\u00e1rias para as &#8220;Sidhe&#8221;, as colinas encantadas, morada do &#8220;Little People&#8221;, o Povo Pequeno. Para agradar as Fadas, os Celtas cultivavam perto de suas casas suas plantas preferidas &#8211; cal\u00eandulas, verbenas, violetas, pr\u00ed\u00admulas, e tomilho &#8211; e deixavam oferendas de mel, leite, manteiga, p\u00e3o, e cristais nas clareiras onde os c\u00ed\u00adrculos de cogumelos denotavam sua presen\u00e7a. Para favorecer a &#8220;vis\u00e3o&#8221;, abrindo a percep\u00e7\u00e3o ps\u00ed\u00adquica, usava-se Artem\u00ed\u00adsia, em ch\u00e1 ou em infus\u00f5es para banhos, suco de samambaias ou orvalho passado nas p\u00e1lpebras, saches de mil folhas e hiperic\u00e3o, invoca\u00e7\u00f5es m\u00e1gicas adequadas.<\/span><\/p>\n<p>&nbsp;<\/p>\n<p style=\"text-align: justify;\"><span style=\"color: #004080;\">A Lua Azul \u00e9 regida pela Matriarca da 13 Luna\u00e7\u00e3o. Ela \u00e9 &#8220;aquela que se torna a vis\u00e3o&#8221;, a guardi\u00e3 de todos os ciclos de transforma\u00e7\u00e3o, a m\u00e3e das mudan\u00e7as. Esta Matriarca nos ensina a import\u00e2ncia de seguir nosso caminho sem nos deixar desviar por ilus\u00f5es que possam vir a interferir em nossas vis\u00f5es. Cada vez que nos transformamos, realizando nossas vis\u00f5es, uma nova pespectiva e compreens\u00e3o se abre, permitindo-nos alcan\u00e7ar outro n\u00ed\u00advel na eterna espiral da evolu\u00e7\u00e3o do esp\u00ed\u00adrito. A \u00faltima vis\u00e3o a ser alcan\u00e7ada \u00e9 a decis\u00e3o de simplesmente SER. Sendo tudo e sendo nada, eliminamos os r\u00f3tulos e defini\u00e7\u00f5es que limitam nossa plenitude.<\/span><\/p>\n<p>&nbsp;<\/p>\n<p style=\"text-align: justify;\"><span style=\"color: #004080;\">Para criar uma atmosfera adequada a uma celebra\u00e7\u00e3o da Lua Azul, use velas e roupas azuis. Prepare \u00e1gua lunarizada expondo garrafas de vidro azul, cheias de \u00e1gua, aos raios lunares. Prepare &#8220;travesseiros dos sonhos&#8221; enchendo uma fronha de tecido azul com flores de sabugueiro, lavanda ou alfazema, hiperic\u00e3o, folhas de artem\u00ed\u00adsia e s\u00e1lvia. Imante cristais e pedras azuis como o top\u00e1zio azul, a safira, o berilo, a \u00e1gua-marinha, o l\u00e1piz-lazuli ou a sodalita. Usando m\u00fasicas com sons da natureza, como pios de corujas, cantos de baleias ou uivos de lobos, permita que sua criatividade e intui\u00e7\u00e3o levem-no\/a ao Reino das Fadas ou ao encontro das Deusas Lunares. Olhe fixamente para a Lua, eleve seus bra\u00e7os e &#8220;puxe&#8221; a luz da Lua para sua testa, seu cora\u00e7\u00e3o e seu ventre.<\/span><\/p>\n<p>&nbsp;<\/p>\n<p style=\"text-align: justify;\"><span style=\"color: #004080;\">Conecte-se, em seguida, \u00ed\u00a0 Matriarca, pedindo-lhe orienta\u00e7\u00e3o sobre as mudan\u00e7as necess\u00e1rias para alcan\u00e7ar uma real transforma\u00e7\u00e3o. Permane\u00e7a, depois, em sil\u00eancio e ou\u00e7a as mensagens e respostas ecoando em sua mente ou alegrando seu cora\u00e7\u00e3o.&#8221; No caso de considerarmos o ano zodiacal, a Lua Azul seria a Lua Cheia em Virgem com o Sol em Peixes, onde o Sol vive o amor na sua forma mais ampla e generosa enquanto a Lua distingue as emo\u00e7\u00f5es e tenta suas Ordens e Mandalas.<\/span><\/p>\n<div style=\"text-align: center;\"><span style=\"color: #004080;\"><strong>A Lua<br \/>\n<\/strong><\/span><\/div>\n<p>Fernando Pessoa<br \/>\n(dizem os Ingleses) (14-11-1931)<br \/>\nA Lua (dizem os Ingleses)<\/p>\n<div style=\"text-align: center;\"><span style=\"color: #004080;\">\u00c9 feita de queijo verde.<\/span><\/div>\n<div style=\"text-align: center;\"><span style=\"color: #004080;\">Por mais que pense mil vezes<\/span><\/div>\n<div style=\"text-align: center;\"><span style=\"color: #004080;\">Sempre uma id\u00e9ia se perde.<\/span><\/div>\n<p>E era essa, era, era essa,<\/p>\n<div style=\"text-align: center;\"><span style=\"color: #004080;\">Que haveria de salvar<\/span><\/div>\n<div style=\"text-align: center;\"><span style=\"color: #004080;\">Minha alma da dor da pressa<\/span><\/div>\n<div style=\"text-align: center;\"><span style=\"color: #004080;\">De\u00e2\u20ac\u00a6 n\u00e3o sei se \u00e9 desejar.<\/span><\/div>\n<p>Sim, todos os meus desejos<\/p>\n<div style=\"text-align: center;\"><span style=\"color: #004080;\">S\u00e3o de estar sentir pensando\u00e2\u20ac\u00a6<\/span><\/div>\n<div style=\"text-align: center;\"><span style=\"color: #000080;\">A Lua (dizem os Ingleses)<\/span><\/div>\n<div style=\"text-align: center;\"><span style=\"color: #004080;\">\u00c9 azul de quando em quando.<br \/>\n<\/span><\/div>\n","protected":false},"excerpt":{"rendered":"<p>Lua Azul &nbsp; Por Hector Othon hectorcubano@terra.com.br A Lua Azul associa-se abund\u00e2ncia de for\u00e7a magn\u00e9tica e poder espiritual capaz de propiciar profundas purifica\u00e7\u00f5es emocionais que quando vivida na inconsci\u00eancia e na car\u00eancia pode levar ao sofrimento. Ou\u00e7a \u00c2\u00a0\u00c2\u00a0\u00c2\u00a0Leia: &nbsp; \u00c2\u00a0O que \u00e9 Lua Azul?<\/p>\n","protected":false},"author":1,"featured_media":0,"comment_status":"open","ping_status":"open","sticky":false,"template":"","format":"standard","meta":{"footnotes":""},"categories":[88],"tags":[],"class_list":["post-201","post","type-post","status-publish","format-standard","hentry","category-astrologia"],"_links":{"self":[{"href":"https:\/\/nalua.in\/blog\/wp-json\/wp\/v2\/posts\/201","targetHints":{"allow":["GET"]}}],"collection":[{"href":"https:\/\/nalua.in\/blog\/wp-json\/wp\/v2\/posts"}],"about":[{"href":"https:\/\/nalua.in\/blog\/wp-json\/wp\/v2\/types\/post"}],"author":[{"embeddable":true,"href":"https:\/\/nalua.in\/blog\/wp-json\/wp\/v2\/users\/1"}],"replies":[{"embeddable":true,"href":"https:\/\/nalua.in\/blog\/wp-json\/wp\/v2\/comments?post=201"}],"version-history":[{"count":0,"href":"https:\/\/nalua.in\/blog\/wp-json\/wp\/v2\/posts\/201\/revisions"}],"wp:attachment":[{"href":"https:\/\/nalua.in\/blog\/wp-json\/wp\/v2\/media?parent=201"}],"wp:term":[{"taxonomy":"category","embeddable":true,"href":"https:\/\/nalua.in\/blog\/wp-json\/wp\/v2\/categories?post=201"},{"taxonomy":"post_tag","embeddable":true,"href":"https:\/\/nalua.in\/blog\/wp-json\/wp\/v2\/tags?post=201"}],"curies":[{"name":"wp","href":"https:\/\/api.w.org\/{rel}","templated":true}]}}