{"id":2007,"date":"2008-10-06T20:41:10","date_gmt":"2008-10-06T22:41:10","guid":{"rendered":"http:\/\/levezadoser.blog.br\/?p=223"},"modified":"2008-10-06T20:41:10","modified_gmt":"2008-10-06T22:41:10","slug":"quem-serei","status":"publish","type":"post","link":"https:\/\/nalua.in\/blog\/quem-serei\/","title":{"rendered":"quem seria?"},"content":{"rendered":"<div style=\"text-align:justify;\">\n<blockquote>\n<p style=\"text-align:center;\"><em><strong>H\u00e1 entre mim e os meus passos<br \/>\nUma diverg\u00eancia instintiva.<br \/>\nH\u00e1 entre quem sou e estou<br \/>\nUma diferen\u00e7a de verbo<br \/>\nQue corresponde \u00ed\u00a0 realidade.&#8221;<br \/>\n(\u00ed\u0081lvaro de Campos)<\/strong><\/em><\/p>\n<p style=\"text-align:center;\">\n<\/blockquote>\n<p style=\"text-align:center;\">(Um post com constata\u00e7\u00f5es \u00f3bvias. E mais um da s\u00e9rie <em>posts chatos<\/em> hohoho.)<\/p>\n<p style=\"text-align:center;\">=====<\/p>\n<p>Tem a pessoa que eu sou e a pessoa que eu quero ser. Entre elas tem um trabalho. E tem \u00e9 claro que a pessoa que vou me tornar vai inevitavelmente ser um h\u00ed\u00adbrido entre essas duas. Acontece que eu sempre fico mais feliz quando estou trabalhando pra me tornar o que eu quero ser. O eterno vir-a-ser, \u00e9 verdade. O ser em pot\u00eancia.<br \/>\nEu tenho (e todo mundo, claro) a imagem (inclusive corporal) de quem eu gostaria de me tornar. A imagem fantasia, e a imagem mais pr\u00f3xima da realidade que \u00e9 aquela que eu acho que d\u00e1 pra ir trabalhando&#8230;<\/p>\n<table class=\"zeroBorder\" style=\"height:318px;\" border=\"0\" width=\"372\" align=\"left\">\n<tbody>\n<tr>\n<td><img loading=\"lazy\" decoding=\"async\" style=\"width:357px;height:258px;\" src=\"http:\/\/www.levezadeser.blogger.com.br\/estranhoseria.jpg\" alt=\"\" width=\"500\" height=\"357\" \/><\/td>\n<\/tr>\n<tr>\n<td>\n<p style=\"text-align:center;\"><a rel=\"license\" href=\"http:\/\/creativecommons.org\/licenses\/by-nc-nd\/3.0\/\"><img loading=\"lazy\" decoding=\"async\" style=\"border-width:0;\" src=\"http:\/\/i.creativecommons.org\/l\/by-nc-nd\/3.0\/88x31.png\" alt=\"Creative Commons License\" width=\"74\" height=\"26\" \/><\/a><br \/>\n<span style=\"font-size:xx-small;\">Imagem <\/span><a href=\"http:\/\/www.flickr.com\/photos\/meninachata\/2521937177\/\" target=\"_blank\" rel=\"noopener\">daqui<\/a><\/td>\n<\/tr>\n<\/tbody>\n<\/table>\n<p>Trabalhando \u00e9 palavra, eu fico muito melhor quando sinto que posso ir trabalhando essa pessoa e para essa pessoa. Por exemplo, se eu j\u00e1 sei que ficar aprisionada na minha procrastina\u00e7\u00e3o s\u00f3 me leva \u00ed\u00a0 infelicidade e \u00ed\u00a0 um mar de lam\u00farias e p\u00e9ssima qualidade de vida, ent\u00e3o o rem\u00e9dio \u00e9 combater a procrastina\u00e7\u00e3o, (que \u00e9 algo arraigado em mim), n\u00e9? E ai quando ven\u00e7o a procrastina\u00e7\u00e3o do dia, fico bem, minha qualidade de vida sobe. Se eu quero ser um ser humano melhor e fa\u00e7o algo no dia por isso, \u00f3bvio que melhora. Eu melhoro.<br \/>\nA sensa\u00e7\u00e3o boa, (e eu sei que isso \u00e9 <em>obviululante <\/em>[By Ana] pra muita gente, mas isso aqui \u00e9 etc, e tal&#8230;) \u00e9  a diferen\u00e7a. E porque algo t\u00e3o simples \u00e9 t\u00e3o dificil de praticar? Simples, mas n\u00e3o f\u00e1cil, essa \u00e9 a verdade.<br \/>\nEu perdi o fio da meada e fiquei mais de alguns dias ai sem fazer as coisas direito. E minha auto-estima entrou em coma, t\u00e3o fraquinha j\u00e1 ela&#8230; E quando isso acontece eu fico com a sensa\u00e7\u00e3o que a Nalu-que-eu-quero-ser t\u00e1 indo embora, me dando <em>tchauzinho <\/em>do conv\u00e9s de algum navio que vai levar ela pra muito, muito longe, sem volta.<br \/>\nMas \u00e9 bom ter esta consci\u00eancia, eu preciso ir ali, trabalhar pela pessoa que eu quero ser. Volto depois. Escrever sobre esses dem\u00f4nios essas bobagens todas, sobre esses dilemas faz parte de ser quem eu quero ser, por isso vou persistir ainda mais, mesmo que isso resulte em muitos posts chatos e longos. A finalidade maior aqui \u00e9 me ajudar a ser quem eu gostaria. E s\u00f3 pra constar, eu sei que nunca vou ser quem imagino, mas posso diminuir a distancia entre o que sou e o que eu quero ser. Na verdade a busca \u00e9 sempre essa mesmo, de coer\u00eancia. Mas nada \u00e9 garantia.<\/div>\n","protected":false},"excerpt":{"rendered":"<p>H\u00e1 entre mim e os meus passos Uma diverg\u00eancia instintiva. H\u00e1 entre quem sou e estou Uma diferen\u00e7a de verbo Que corresponde \u00ed\u00a0 realidade.&#8221; (\u00ed\u0081lvaro de Campos) (Um post com constata\u00e7\u00f5es \u00f3bvias. E mais um da s\u00e9rie posts chatos hohoho.) ===== Tem a pessoa que eu sou e a pessoa que eu quero ser. Entre &hellip; <a href=\"https:\/\/nalua.in\/blog\/quem-serei\/\" class=\"more-link\">Continuar lendo <span class=\"screen-reader-text\">quem seria?<\/span><\/a><\/p>\n","protected":false},"author":1,"featured_media":0,"comment_status":"open","ping_status":"open","sticky":false,"template":"","format":"standard","meta":{"footnotes":""},"categories":[70],"tags":[],"class_list":["post-2007","post","type-post","status-publish","format-standard","hentry","category-prisao"],"_links":{"self":[{"href":"https:\/\/nalua.in\/blog\/wp-json\/wp\/v2\/posts\/2007","targetHints":{"allow":["GET"]}}],"collection":[{"href":"https:\/\/nalua.in\/blog\/wp-json\/wp\/v2\/posts"}],"about":[{"href":"https:\/\/nalua.in\/blog\/wp-json\/wp\/v2\/types\/post"}],"author":[{"embeddable":true,"href":"https:\/\/nalua.in\/blog\/wp-json\/wp\/v2\/users\/1"}],"replies":[{"embeddable":true,"href":"https:\/\/nalua.in\/blog\/wp-json\/wp\/v2\/comments?post=2007"}],"version-history":[{"count":0,"href":"https:\/\/nalua.in\/blog\/wp-json\/wp\/v2\/posts\/2007\/revisions"}],"wp:attachment":[{"href":"https:\/\/nalua.in\/blog\/wp-json\/wp\/v2\/media?parent=2007"}],"wp:term":[{"taxonomy":"category","embeddable":true,"href":"https:\/\/nalua.in\/blog\/wp-json\/wp\/v2\/categories?post=2007"},{"taxonomy":"post_tag","embeddable":true,"href":"https:\/\/nalua.in\/blog\/wp-json\/wp\/v2\/tags?post=2007"}],"curies":[{"name":"wp","href":"https:\/\/api.w.org\/{rel}","templated":true}]}}