{"id":2005,"date":"2008-10-04T13:51:10","date_gmt":"2008-10-04T15:51:10","guid":{"rendered":"http:\/\/levezadoser.blog.br\/?p=215"},"modified":"2008-10-04T13:51:10","modified_gmt":"2008-10-04T15:51:10","slug":"blog-nos-mulheres","status":"publish","type":"post","link":"https:\/\/nalua.in\/blog\/blog-nos-mulheres\/","title":{"rendered":"blog n\u00f3s mulheres"},"content":{"rendered":"<div id=\"gdyp\" style=\"padding:1em 0;text-align:center;\"><a href=\"http:\/\/www.nosmulheres.globolog.com.br\/\" target=\"_blank\" rel=\"noopener\"><img loading=\"lazy\" decoding=\"async\" src=\"http:\/\/docs.google.com\/File?id=dcgsnrz7_111fnbhs7dg_b\" alt=\"\" width=\"343\" height=\"73\" \/><\/a><\/div>\n<p style=\"text-align:center;\"><strong><em>Aquela felicidade plena, aquela sensa\u00e7\u00e3o maravilhosa de saborear um doce que se ama sem pensar em mais nada, sem sentir nada al\u00e9m daquele sabor, foi riscada do cotidiano das mulheres. No dicion\u00e1rio feminino, o verbete &#8220;prazer&#8221; vem sempre acompanhado da palavra &#8220;culpa&#8221; -pelo menos quando se fala de alimenta\u00e7\u00e3o. Antigamente, n\u00f3s, mulheres, n\u00e3o pod\u00ed\u00adamos ter apetite sexual. Hoje n\u00e3o podemos ter apetite &#8211; ponto final. \u00c9 por isso que eu sempre brinco que nos tiraram de Bangu 1 e passaram para Bangu 2. O endere\u00e7o da cadeia mudou, mas continuamos prisioneiras. Antes era a moral que nos aprisionava. Hoje \u00e9 a est\u00e9tica.<\/em><\/strong><\/p>\n<p style=\"text-align:center;\"><em>Leila Ferreira<\/em><\/p>\n<p style=\"text-align:center;\">=====<\/p>\n<p><a id=\"t.y_\" title=\"N\u00f3s\" href=\"http:\/\/nalu.in\" target=\"_blank\" rel=\"noopener\">N\u00f3s<\/a> <a id=\"fj3u\" title=\"todas\" href=\"http:\/\/isadivaga.blogspot.com\" target=\"_blank\" rel=\"noopener\">todas<\/a> <a id=\"i1nq\" title=\"pudemos\" href=\"http:\/\/giegu.wordpress.com\" target=\"_blank\" rel=\"noopener\">pudemos<\/a> <a id=\"jv7k\" title=\"comprovar\" href=\"http:\/\/www.kathiaecia.nafoto.net\/\" target=\"_blank\" rel=\"noopener\">comprovar<\/a> <a id=\"h23v\" title=\"de\" href=\"http:\/\/nossocotidiano.zip.net\" target=\"_blank\" rel=\"noopener\">de<\/a> bem perto o quanto <a id=\"s5ep\" title=\"ela\" href=\"http:\/\/www.nosmulheres.globolog.com.br\/\" target=\"_blank\" rel=\"noopener\">ela<\/a> \u00e9 magra. Sim, magrinha, magrinha, n\u00f3s at\u00e9 comentamos. Parece at\u00e9 que vai se esvair de t\u00e3o levinha&#8230;<br \/>\nMas at\u00e9 ela j\u00e1 sentiu o peso inevit\u00e1vel da magreza, como se v\u00ea pelo trecho acima. O artigo todo est\u00e1 na edi\u00e7\u00e3o deste m\u00eas da Marie Claire. Pode ser lido <a id=\"i:bl\" title=\"aqui\" href=\"http:\/\/revistamarieclaire.globo.com\/Marieclaire\/0,,EML1689284-10387,00.html\" target=\"_blank\" rel=\"noopener\">aqui<\/a>, acho que basta ter um cadastro.<\/p>\n<div>\n<div style=\"text-align:center;\">=====<\/div>\n<p>Nada a ver com o tema do post, mas queria dizer que t\u00e1 no <a id=\"b.jh\" title=\"blog dela\" href=\"http:\/\/www.nosmulheres.globolog.com.br\/\" target=\"_blank\" rel=\"noopener\">blog dela<\/a> tamb\u00e9m uma frase que eu adorei:<\/p>\n<div style=\"text-align:center;\"><a href=\"http:\/\/adm.globolog.globo.com\/globolog\/publicacao\/permalink.do?postId=663608\" target=\"_blank\" rel=\"noopener\"><strong><em>Chatos, muito chatos ou ligeiramente chatos \u2013 n\u00e3o se iluda: todos n\u00f3s somos. \u00ed\u20acs vezes ocasionalmente, \u00ed\u00a0s vezes boa parte do tempo e, mais raramente, o tempo todo. Mas ningu\u00e9m \u2013 ningu\u00e9m mesmo \u2013 escapa dessa<br \/>\nsina.<\/em><\/strong><\/a><\/div>\n<div style=\"text-align:center;\">hohohoho.<\/div>\n<div style=\"text-align:justify;\">Essa frase me lembrou do que diz o meu melhor amigo: <strong>Nalu, <span style=\"text-decoration:underline;\">todo mundo<\/span> \u00e9 motivo de piada, TODO MUNDO. Incluindo eu, voc\u00ea, o Einstein e a Giselle Bundchen.<\/strong><\/div>\n<\/div>\n","protected":false},"excerpt":{"rendered":"<p>Aquela felicidade plena, aquela sensa\u00e7\u00e3o maravilhosa de saborear um doce que se ama sem pensar em mais nada, sem sentir nada al\u00e9m daquele sabor, foi riscada do cotidiano das mulheres. No dicion\u00e1rio feminino, o verbete &#8220;prazer&#8221; vem sempre acompanhado da palavra &#8220;culpa&#8221; -pelo menos quando se fala de alimenta\u00e7\u00e3o. Antigamente, n\u00f3s, mulheres, n\u00e3o pod\u00ed\u00adamos ter &hellip; <a href=\"https:\/\/nalua.in\/blog\/blog-nos-mulheres\/\" class=\"more-link\">Continuar lendo <span class=\"screen-reader-text\">blog n\u00f3s mulheres<\/span><\/a><\/p>\n","protected":false},"author":1,"featured_media":0,"comment_status":"open","ping_status":"open","sticky":false,"template":"","format":"standard","meta":{"footnotes":""},"categories":[1],"tags":[],"class_list":["post-2005","post","type-post","status-publish","format-standard","hentry","category-uncategorized"],"_links":{"self":[{"href":"https:\/\/nalua.in\/blog\/wp-json\/wp\/v2\/posts\/2005","targetHints":{"allow":["GET"]}}],"collection":[{"href":"https:\/\/nalua.in\/blog\/wp-json\/wp\/v2\/posts"}],"about":[{"href":"https:\/\/nalua.in\/blog\/wp-json\/wp\/v2\/types\/post"}],"author":[{"embeddable":true,"href":"https:\/\/nalua.in\/blog\/wp-json\/wp\/v2\/users\/1"}],"replies":[{"embeddable":true,"href":"https:\/\/nalua.in\/blog\/wp-json\/wp\/v2\/comments?post=2005"}],"version-history":[{"count":0,"href":"https:\/\/nalua.in\/blog\/wp-json\/wp\/v2\/posts\/2005\/revisions"}],"wp:attachment":[{"href":"https:\/\/nalua.in\/blog\/wp-json\/wp\/v2\/media?parent=2005"}],"wp:term":[{"taxonomy":"category","embeddable":true,"href":"https:\/\/nalua.in\/blog\/wp-json\/wp\/v2\/categories?post=2005"},{"taxonomy":"post_tag","embeddable":true,"href":"https:\/\/nalua.in\/blog\/wp-json\/wp\/v2\/tags?post=2005"}],"curies":[{"name":"wp","href":"https:\/\/api.w.org\/{rel}","templated":true}]}}