{"id":2003,"date":"2008-09-30T13:07:10","date_gmt":"2008-09-30T15:07:10","guid":{"rendered":"http:\/\/levezadoser.blog.br\/?p=203"},"modified":"2008-09-30T13:07:10","modified_gmt":"2008-09-30T15:07:10","slug":"prisioneiro-das-circunstancias","status":"publish","type":"post","link":"https:\/\/nalua.in\/blog\/prisioneiro-das-circunstancias\/","title":{"rendered":"prisioneiro das circunst\u00e2ncias"},"content":{"rendered":"<div style=\"text-align: justify;\">\n<figure id=\"attachment_2591\" aria-describedby=\"caption-attachment-2591\" style=\"width: 212px\" class=\"wp-caption alignleft\"><a href=\"https:\/\/nalua.in\/blog\/wp-content\/uploads\/2008\/09\/64135249_af1811640c_o.jpg\"><img loading=\"lazy\" decoding=\"async\" class=\"wp-image-2591\" src=\"https:\/\/nalua.in\/blog\/wp-content\/uploads\/2008\/09\/64135249_af1811640c_o-766x1024.jpg\" alt=\"64135249_af1811640c_o\" width=\"212\" height=\"284\" srcset=\"https:\/\/nalua.in\/blog\/wp-content\/uploads\/2008\/09\/64135249_af1811640c_o-766x1024.jpg 766w, https:\/\/nalua.in\/blog\/wp-content\/uploads\/2008\/09\/64135249_af1811640c_o-224x300.jpg 224w, https:\/\/nalua.in\/blog\/wp-content\/uploads\/2008\/09\/64135249_af1811640c_o-768x1027.jpg 768w, https:\/\/nalua.in\/blog\/wp-content\/uploads\/2008\/09\/64135249_af1811640c_o.jpg 833w\" sizes=\"auto, (max-width: 212px) 100vw, 212px\" \/><\/a><figcaption id=\"caption-attachment-2591\" class=\"wp-caption-text\"><a href=\"http:\/\/flickr.com\/photos\/christinielsen\/64135249\/in\/set-1396327\" target=\"_blank\" rel=\"noopener\">Figura daqui. Licen\u00e7a CC<\/a><\/figcaption><\/figure><br \/>\nA vantagem de ter um blog que pouca gente l\u00ea \u00e9 que h\u00e1 mais liberdade de falar qualquer coisa. N\u00e3o que seja consolador rsrs, mas \u00e9 disso que eu preciso nesse momento, poder falar quase \u00ed\u00a0 vontade sobre os meus fantasmas. E com a audi\u00eancia pequena, a liberdade de falar abobrinhas vai crescendo&#8230;<br \/>\nE l\u00e1 venho eu de novo aqui, s\u00f3 pra escrever, s\u00f3 pra dizer algo que eu n\u00e3o tenho certeza do que \u00e9 at\u00e9 que as palavras saiam do teclado.<br \/>\nPois bem, o Aprendizado est\u00e1 uma porcaria.<br \/>\nE \u00e9 por isso que eu estou aqui de volta e \u00e9 por isso que eu n\u00e3o vou largar esse osso, at\u00e9 que aconte\u00e7a.<br \/>\n<!--more--><br \/>\nAndei vacilando tanto que at\u00e9 perdi o rumo da prosa. Dias a fio sem anotar, dias a fio sem prestar aten\u00e7\u00e3o. E \u00e9 preciso prestar aten\u00e7\u00e3o, porque a vida se esvai muito r\u00e1pido, e o momento n\u00e3o h\u00e1 mais como recuperar. \u00c9 preciso estar atento ao poder do agora. N\u00e3o \u00e9 moda dizer agora que s\u00f3 o momento presente \u00e9 importante?<br \/>\nN\u00e3o me pesei, porque com tanto descuido devo ter aumentado de peso. Deixo pra depois de uma semana mais caprichada, que h\u00e1 de ser essa.\n<\/div>\n<p>E vou dissecar um pouco mais sobre o segundo significado. Diz o <a id=\"ohk3\" title=\"texto\" href=\"http:\/\/levezadoser.blog.br\/significados.htm\" target=\"_blank\" rel=\"noopener\">texto<\/a>:<\/p>\n<blockquote><p><strong><em>2. Sou prisioneiro das circunst\u00e2ncias.<\/em><\/strong><br \/>\n&nbsp;<\/p>\n<div style=\"text-align: justify;\"><em> Essa<br \/>\nconvic\u00e7\u00e3o \u00e9 freq\u00ed\u00bcente entre pessoas cuja vida foi alterada por uma trag\u00e9dia ou por um rev\u00e9s da sorte, ou entre pessoas que t\u00eam habitualmente vivido a experi\u00eancia da falta de recursos financeiros. Como foi discutido no Cap\u00ed\u00adtulo 1, o corpo pode expressar a convic\u00e7\u00e3o da sua condi\u00e7\u00e3o de prisioneiro transformando-se numa pris\u00e3o de gordura.<\/em><\/div>\n<\/blockquote>\n<div style=\"text-align: justify;\">\u00c9, em alguns aspectos da minha vida eu realmente me sinto prisioneira. Mas acho que desde que a gente n\u00e3o deixa tudo correr por conta dos instintos, desde que somos socializados, colonizados pelo superego, n\u00e3o temos como ser totalmente livres mais.Al\u00e9m dessas pris\u00f5es universais, alguns setores da minha vida podem ser encarados como pris\u00f5es, dependendo do \u00e2ngulo. Na verdade tudo pode. No plano consciente, n\u00e9?<\/div>\n<div style=\"text-align: justify;\"><\/div>\n<div style=\"text-align: justify;\">Porque no inconsciente, que eu acho que \u00e9 o que comanda, eu n\u00e3o sei exatamente qual \u00e9 o papel que tem essas pris\u00f5es, ou pseudo pris\u00f5es. Posso dizer apenas que sinto que algum fator na minha vida pode ter sido encarado assim pelo meu inconsciente. E eu vou ficar falando pra ele, pro me inconsciente, que eu n\u00e3o preciso mais encarar as coisas como pris\u00e3o;Acho que tem a ver com o fato, l\u00e1 longe, quando eu comecei a engordar, que tudo mudou muito r\u00e1pido. De repente, eu de bolsista do cnpq, com uma renda rid\u00ed\u00adcula, estudante apenas, solteira, descompromissada totalmente, passo no mestrado, logo depois sou chamada para trabalhar em um cargo excelente, conhe\u00e7o meu marido, me caso em menos de um ano, e ao fim de tr\u00eas anos tudo mudou numa velocidade vertiginosa. Mudan\u00e7as grandes. E um ano e meio mais tarde, eu fico gr\u00e1vida. Foi tudo r\u00e1pido e foram todas mudan\u00e7as muito grandes, que viraram meu mundo de cabe\u00e7a pra baixo&#8230;<\/div>\n<div style=\"text-align: justify;\">\nObjetivamente, isso tudo pode ou n\u00e3o ter influenciado pra eu engordar tanto em t\u00e3o pouco tempo. Mas o importante agora \u00e9 dizer pro meu corpo que nada disso \u00e9 pris\u00e3o, que foram \u00f3timas escolhas que eu fiz, e que agora j\u00e1 deu mais do que tempo pra eu estar acostumada com isso tudo.<br \/>\nEnt\u00e3o, corpo, sossega ai que n\u00e3o \u00e9 preciso mais tanto stress, j\u00e1 tem muito tempo, essa \u00e9 a sua vida, fica bem, ok? Foi livremente que eu escolhi estar aqui, preciso que meu corpo se lembre disso.\n<\/div>\n","protected":false},"excerpt":{"rendered":"<p>A vantagem de ter um blog que pouca gente l\u00ea \u00e9 que h\u00e1 mais liberdade de falar qualquer coisa. N\u00e3o que seja consolador rsrs, mas \u00e9 disso que eu preciso nesse momento, poder falar quase \u00ed\u00a0 vontade sobre os meus fantasmas. E com a audi\u00eancia pequena, a liberdade de falar abobrinhas vai crescendo&#8230; E l\u00e1 &hellip; <a href=\"https:\/\/nalua.in\/blog\/prisioneiro-das-circunstancias\/\" class=\"more-link\">Continuar lendo <span class=\"screen-reader-text\">prisioneiro das circunst\u00e2ncias<\/span><\/a><\/p>\n","protected":false},"author":1,"featured_media":0,"comment_status":"open","ping_status":"open","sticky":false,"template":"","format":"standard","meta":{"footnotes":""},"categories":[40],"tags":[],"class_list":["post-2003","post","type-post","status-publish","format-standard","hentry","category-leveza"],"_links":{"self":[{"href":"https:\/\/nalua.in\/blog\/wp-json\/wp\/v2\/posts\/2003","targetHints":{"allow":["GET"]}}],"collection":[{"href":"https:\/\/nalua.in\/blog\/wp-json\/wp\/v2\/posts"}],"about":[{"href":"https:\/\/nalua.in\/blog\/wp-json\/wp\/v2\/types\/post"}],"author":[{"embeddable":true,"href":"https:\/\/nalua.in\/blog\/wp-json\/wp\/v2\/users\/1"}],"replies":[{"embeddable":true,"href":"https:\/\/nalua.in\/blog\/wp-json\/wp\/v2\/comments?post=2003"}],"version-history":[{"count":0,"href":"https:\/\/nalua.in\/blog\/wp-json\/wp\/v2\/posts\/2003\/revisions"}],"wp:attachment":[{"href":"https:\/\/nalua.in\/blog\/wp-json\/wp\/v2\/media?parent=2003"}],"wp:term":[{"taxonomy":"category","embeddable":true,"href":"https:\/\/nalua.in\/blog\/wp-json\/wp\/v2\/categories?post=2003"},{"taxonomy":"post_tag","embeddable":true,"href":"https:\/\/nalua.in\/blog\/wp-json\/wp\/v2\/tags?post=2003"}],"curies":[{"name":"wp","href":"https:\/\/api.w.org\/{rel}","templated":true}]}}