{"id":2001,"date":"2008-09-27T18:17:40","date_gmt":"2008-09-27T20:17:40","guid":{"rendered":"http:\/\/levezadoser.blog.br\/?p=193"},"modified":"2008-09-27T18:17:40","modified_gmt":"2008-09-27T20:17:40","slug":"medo-da-privacao","status":"publish","type":"post","link":"https:\/\/nalua.in\/blog\/medo-da-privacao\/","title":{"rendered":"medo da priva\u00e7\u00e3o"},"content":{"rendered":"<table class=\"zeroBorder\" style=\"height:301px;\" border=\"0\" width=\"259\" align=\"left\">\n<tbody>\n<tr>\n<td width=\"100%\" valign=\"top\">\n<div id=\"vumw\" style=\"padding:1em 0;text-align:left;\"><img loading=\"lazy\" decoding=\"async\" src=\"http:\/\/docs.google.com\/File?id=dcgsnrz7_99d5wp5md3_b\" alt=\"\" width=\"246\" height=\"259\" \/><\/div>\n<\/td>\n<\/tr>\n<tr align=\"center\">\n<td style=\"text-align:center;\" width=\"100%\" valign=\"center\"><span style=\"font-size:xx-small;\">Figura <a id=\"dih7\" title=\"daqui\" href=\"http:\/\/artistamuvek.blogspot.com\/\" target=\"_blank\" rel=\"noopener\">daqui<\/a> <\/span><\/td>\n<\/tr>\n<\/tbody>\n<\/table>\n<div style=\"text-align:center;\"><em><br \/>\nProsseguir mentindo<\/em><em><br \/>\n\u00e9 o jeito que encontrei<\/em><em><br \/>\nde viver aproximado da realidade<\/em><br \/>\n<em><br \/>\nDificulta-me repartir.<\/em><em><br \/>\nOcultava o alimento no quintal.<\/em><em><br \/>\nO que n\u00e3o comia, escondia para o para o pr\u00f3prio proveito.<\/em><br \/>\n<em><strong>Nossa fome n\u00e3o acompanha<\/strong><\/em><br \/>\n<em><strong>A idade dos dentes.<\/strong><\/em><br \/>\n<em><br \/>\nFabr\u00ed\u00adcio Carpinejar &#8211; As Solas do Sol, p\u00e1g 70<\/em><br \/>\n<em> <\/em><span style=\"font-size:xx-small;\">( o grifo \u00e9 meu)<\/span><\/div>\n<div style=\"text-align:center;\"><em>=====<\/em><br \/>\n<em><br \/>\n<\/em><\/div>\n<div style=\"text-align:justify;\">Eu percebo que minha compuls\u00e3o est\u00e1 ligada a um medo terr\u00ed\u00advel de perda. Acho que \u00e9 a mesma voracidade que est\u00e1 na origem da <a id=\"yw8d\" title=\"minha cole\u00e7\u00e3o de livros\" href=\"http:\/\/www.flickr.com\/photos\/nalualine\/sets\/72157600985856820\/\" target=\"_blank\" rel=\"noopener\">minha cole\u00e7\u00e3o de livros<\/a>, com a not\u00e1vel exce\u00e7\u00e3o de que os livros s\u00f3 engordam a mente. Eu percebi que essa processo de ac\u00famulo \u00e9 medo de perda, \u00e9 apego puro.<\/div>\n<div style=\"text-align:justify;\"><\/div>\n<div style=\"text-align:justify;\">\u00c9 como se eu n\u00e3o tivesse aprendido que n\u00e3o \u00e9 preciso comer tudo, que eu n\u00e3o vou passar fome, que a comida atualmente \u00e9 farta. \u00c9 como se alguma programa\u00e7\u00e3o gen\u00e9tica dos meus ancestrais das cavernas que chegou at\u00e9 mim n\u00e3o tivesse sido desligada e eu temesse a todo instante a falta. A priva\u00e7\u00e3o.<\/div>\n<div style=\"text-align:justify;\"><\/div>\n<div style=\"text-align:justify;\">Certamente a psican\u00e1lise deve ter outra explica\u00e7\u00e3o pra isso, talvez alguma ang\u00fastia da separa\u00e7\u00e3o, sei l\u00e1. Enfim, o que interessa \u00e9 que eu entendi isso, o tamanho da minha ang\u00fastia o que me leva a acumular, o tamanho do meu apego. Talvez algum exerc\u00ed\u00adcio de desapego seja bom, ajude a emagrecer. Vou pensar mais nisso, com mais amor. O m\u00e9dico do qi tinha me ensinado uma programa\u00e7\u00e3o para lidar om isso, vou ver se lembro ou se acho os pap\u00e9is.<\/div>\n<div style=\"text-align:justify;\">\n<div style=\"text-align:center;\">=====<\/div>\n<p>Enquanto isso, hoje \u00e9 s\u00e1bado. Dia de recome\u00e7ar. J\u00e1 acionei o meu maravilhoso suco de hortel\u00e3. Que bem me faz esse suco! J\u00e1 comi minha salada de frutas com uma colherinha de mel. Vou caprichar, como se diz. Cada vez mais eu gosto da minha perseveran\u00e7a. Vou conseguir. Alguns dias de del\u00ed\u00adrio n\u00e3o v\u00e3o me derrubar.<\/p><\/div>\n","protected":false},"excerpt":{"rendered":"<p>Figura daqui Prosseguir mentindo \u00e9 o jeito que encontrei de viver aproximado da realidade Dificulta-me repartir. Ocultava o alimento no quintal. O que n\u00e3o comia, escondia para o para o pr\u00f3prio proveito. Nossa fome n\u00e3o acompanha A idade dos dentes. Fabr\u00ed\u00adcio Carpinejar &#8211; As Solas do Sol, p\u00e1g 70 ( o grifo \u00e9 meu) ===== &hellip; <a href=\"https:\/\/nalua.in\/blog\/medo-da-privacao\/\" class=\"more-link\">Continuar lendo <span class=\"screen-reader-text\">medo da priva\u00e7\u00e3o<\/span><\/a><\/p>\n","protected":false},"author":1,"featured_media":0,"comment_status":"open","ping_status":"open","sticky":false,"template":"","format":"standard","meta":{"footnotes":""},"categories":[1],"tags":[],"class_list":["post-2001","post","type-post","status-publish","format-standard","hentry","category-uncategorized"],"_links":{"self":[{"href":"https:\/\/nalua.in\/blog\/wp-json\/wp\/v2\/posts\/2001","targetHints":{"allow":["GET"]}}],"collection":[{"href":"https:\/\/nalua.in\/blog\/wp-json\/wp\/v2\/posts"}],"about":[{"href":"https:\/\/nalua.in\/blog\/wp-json\/wp\/v2\/types\/post"}],"author":[{"embeddable":true,"href":"https:\/\/nalua.in\/blog\/wp-json\/wp\/v2\/users\/1"}],"replies":[{"embeddable":true,"href":"https:\/\/nalua.in\/blog\/wp-json\/wp\/v2\/comments?post=2001"}],"version-history":[{"count":0,"href":"https:\/\/nalua.in\/blog\/wp-json\/wp\/v2\/posts\/2001\/revisions"}],"wp:attachment":[{"href":"https:\/\/nalua.in\/blog\/wp-json\/wp\/v2\/media?parent=2001"}],"wp:term":[{"taxonomy":"category","embeddable":true,"href":"https:\/\/nalua.in\/blog\/wp-json\/wp\/v2\/categories?post=2001"},{"taxonomy":"post_tag","embeddable":true,"href":"https:\/\/nalua.in\/blog\/wp-json\/wp\/v2\/tags?post=2001"}],"curies":[{"name":"wp","href":"https:\/\/api.w.org\/{rel}","templated":true}]}}