{"id":1994,"date":"2008-09-20T14:07:13","date_gmt":"2008-09-20T16:07:13","guid":{"rendered":"http:\/\/levezadoser.blog.br\/que-parte-de-mim-que-eu-desconheco-e-que-me-guia\/"},"modified":"2008-09-20T14:07:13","modified_gmt":"2008-09-20T16:07:13","slug":"que-parte-de-mim","status":"publish","type":"post","link":"https:\/\/nalua.in\/blog\/que-parte-de-mim\/","title":{"rendered":"Que parte de mim, que eu desconhe\u00e7o, \u00e9 que me guia?"},"content":{"rendered":"<p style=\"text-align: right;\"><em><img loading=\"lazy\" decoding=\"async\" class=\" alignleft\" src=\"http:\/\/i371.photobucket.com\/albums\/oo160\/levezadoser\/numerologia\/agenda\/oquecomi20-09-08a.jpg\" alt=\"\" width=\"217\" height=\"280\" \/>&#8220;Por que fa\u00e7o eu sempre o que n\u00e3o queria?<\/em><\/p>\n<p style=\"text-align: right;\"><em>Que destino cont\u00ed\u00adnuo se passa em mim na treva?<\/em><\/p>\n<p style=\"text-align: right;\"><em><strong>Que parte de mim, que eu desconhe\u00e7o, \u00e9 que me guia?<\/strong><\/em><\/p>\n<p style=\"text-align: right;\"><em>O meu destino tem um sentido e tem um jeito,<\/em><\/p>\n<p style=\"text-align: right;\"><em>A minha vida segue uma rota e uma escala<\/em><\/p>\n<p style=\"text-align: right;\"><em>Mas o consciente de mim \u00e9 o esbo\u00e7o imperfeito<\/em><\/p>\n<p style=\"text-align: right;\"><em>Daquilo que fa\u00e7o e sou: n\u00e3o me iguala<\/em><\/p>\n<p style=\"text-align: right;\"><em>N\u00e3o me compreendo nem no que,\u00c2\u00a0compreendendo, fa\u00e7o.<\/em><\/p>\n<p style=\"text-align: right;\"><em>N\u00e3o atinjo o fim ao que fa\u00e7o pensando num fim.&#8221;<\/em><\/p>\n<p style=\"text-align: right;\"><span style=\"font-size: 85%; font-family: trebuchet ms;\">Fernando Pessoa,<\/span><\/p>\n<p style=\"text-align: right;\"><span style=\"font-size: 85%; font-family: trebuchet ms;\">Cancioneiro. Obra Po\u00e9tica, Editora Nova Aguilar, p.129<\/span><\/p>\n<p style=\"text-align: center;\">=====<\/p>\n<p style=\"text-align: justify;\">S\u00e1bado, 11:30. Eu estou aqui, pensando na morte da bezerra. Porque ainda nem chegou o almo\u00e7o e eu j\u00e1 gastei 8 pontos. Vou mostrar o que comi. Clique ai na figura ao lado para ampliar. Terr\u00ed\u00advel. Nem ia anotar. Minha agenda est\u00e1 em branco desde o dia 17 de setembro. E danette de caf\u00e9 da manh\u00e3? Quem pode com isso? Mas resolvi mesmo assim anotar. N\u00e3o ia, mas resolvi. E me pesar tamb\u00e9m, como pode ser visto na <a href=\"http:\/\/levezadoser.blog.br\/arquivos\/2008\/09\/numerologia.html\" target=\"_blank\" rel=\"noopener\">numerologia<\/a>.<\/p>\n<p style=\"text-align: justify;\">Eu tinha perdido um quilo. Mas j\u00e1 recuperei quase todo. E tava olhando meu <a href=\"http:\/\/levezadoser.blog.br\/101\/#comments\" target=\"_blank\" rel=\"noopener\">post do come\u00e7o de ciclo do m\u00eas passado<\/a> e tava cheio de esperan\u00e7a. Mas a\u00ed\u00ad passa o m\u00eas e eu n\u00e3o fa\u00e7o nada. E cada vez fico mais fraca e sem moral. E esse novo ciclo t\u00e1 mais fraco e mais amargo.N\u00e3o posso desistir, por isso estou aqui.<\/p>\n<p style=\"text-align: justify;\">S\u00f3 que n\u00e3o tenho escolha. E tenho que limpar toda essa sujeira que s\u00f3 faz piorar. Tava indo super bem e desde o dia 17 t\u00e1 horr\u00ed\u00advel, e eu nem sei porque. Provavelmente por causa da dificuldade em ser bem sucedida. Bom, mas o porqu\u00ea n\u00e3o interessa mais.<\/p>\n<p style=\"text-align: justify;\">O fato: N\u00e3o tenho conseguido, mas hoje \u00e9 dia de recome\u00e7o. Eu tenho me enfraquecido, e confesso que na verdade estou meio rodeada de coisas, pessoas e situa\u00e7\u00f5es que me enfraquecem. E vou eliminando aos poucos isso tudo, junto com os quilos.<\/p>\n<p style=\"text-align: justify;\">Ent\u00e3o vou seguir em frente.<\/p>\n<p style=\"text-align: justify;\">As coisas boas: Tenho meditado. Ontem resolvi fazer a lista das 101 coisas, estou precisando de ordem at\u00e9 mesmo nos meus desejos e inten\u00e7\u00f5es. <strong>Tenho persistido por mais tempo do que nunca<\/strong>. Normalmente teria desistido j\u00e1, mas agora tenho me obrigado a escrever, ao menos. Porque aio fica mais f\u00e1cil n\u00e3o perder o foco. Acho que agora s\u00f3 me resta rezar.<\/p>\n","protected":false},"excerpt":{"rendered":"<p>&#8220;Por que fa\u00e7o eu sempre o que n\u00e3o queria? Que destino cont\u00ed\u00adnuo se passa em mim na treva? Que parte de mim, que eu desconhe\u00e7o, \u00e9 que me guia? O meu destino tem um sentido e tem um jeito, A minha vida segue uma rota e uma escala Mas o consciente de mim \u00e9 o &hellip; <a href=\"https:\/\/nalua.in\/blog\/que-parte-de-mim\/\" class=\"more-link\">Continuar lendo <span class=\"screen-reader-text\">Que parte de mim, que eu desconhe\u00e7o, \u00e9 que me guia?<\/span><\/a><\/p>\n","protected":false},"author":1,"featured_media":0,"comment_status":"open","ping_status":"open","sticky":false,"template":"","format":"standard","meta":{"footnotes":""},"categories":[1],"tags":[],"class_list":["post-1994","post","type-post","status-publish","format-standard","hentry","category-uncategorized"],"_links":{"self":[{"href":"https:\/\/nalua.in\/blog\/wp-json\/wp\/v2\/posts\/1994","targetHints":{"allow":["GET"]}}],"collection":[{"href":"https:\/\/nalua.in\/blog\/wp-json\/wp\/v2\/posts"}],"about":[{"href":"https:\/\/nalua.in\/blog\/wp-json\/wp\/v2\/types\/post"}],"author":[{"embeddable":true,"href":"https:\/\/nalua.in\/blog\/wp-json\/wp\/v2\/users\/1"}],"replies":[{"embeddable":true,"href":"https:\/\/nalua.in\/blog\/wp-json\/wp\/v2\/comments?post=1994"}],"version-history":[{"count":0,"href":"https:\/\/nalua.in\/blog\/wp-json\/wp\/v2\/posts\/1994\/revisions"}],"wp:attachment":[{"href":"https:\/\/nalua.in\/blog\/wp-json\/wp\/v2\/media?parent=1994"}],"wp:term":[{"taxonomy":"category","embeddable":true,"href":"https:\/\/nalua.in\/blog\/wp-json\/wp\/v2\/categories?post=1994"},{"taxonomy":"post_tag","embeddable":true,"href":"https:\/\/nalua.in\/blog\/wp-json\/wp\/v2\/tags?post=1994"}],"curies":[{"name":"wp","href":"https:\/\/api.w.org\/{rel}","templated":true}]}}