{"id":1992,"date":"2008-09-17T14:29:31","date_gmt":"2008-09-17T16:29:31","guid":{"rendered":"http:\/\/levezadoser.blog.br\/156\/"},"modified":"2008-09-17T14:29:31","modified_gmt":"2008-09-17T16:29:31","slug":"medita","status":"publish","type":"post","link":"https:\/\/nalua.in\/blog\/medita\/","title":{"rendered":"meditar"},"content":{"rendered":"<figure style=\"width: 320px\" class=\"wp-caption alignleft\"><img loading=\"lazy\" decoding=\"async\" class=\" \" style=\"margin:5px;\" src=\"http:\/\/i302.photobucket.com\/albums\/nn94\/nualua\/meditare1.jpg\" alt=\"\" width=\"320\" height=\"320\" \/><figcaption class=\"wp-caption-text\">Imagem Creative Commons daqui.<\/figcaption><\/figure>\n<p style=\"text-align:center;\"><span style=\"font-size:8px;\">Imagem Creative Commons <a href=\"http:\/\/www.flickr.com\/photos\/kevino\/2272102100\/\" target=\"_blank\" rel=\"noopener\">daqui<\/a>.<\/span><\/p>\n<p style=\"text-align:justify;\">Hoje eu n\u00e3o tenho nada pra dizer. Os \u00faltimos dias foram ruins. E eu estou lutando pra me convencer a voltar pro eixo. Mas j\u00e1 cansei de dizer que n\u00e3o tenho alternativa, ent\u00e3o vamos indo. O que t\u00e1 sobrando dessa maratona \u00e9 que eu tenho meditado todos os dias. e isso vai serenado o cora\u00e7\u00e3o aos poucos. Ontem aconteceu algo que poderia ter me deixado bem pior n\u00e3o fosse a medita\u00e7\u00e3o. E isso \u00e9 bom.<\/p>\n<p style=\"text-align:justify;\">Em 2000 eu fiz o curso de Medita\u00e7\u00e3o Transcendental, que \u00e9 uma medita\u00e7\u00e3o com mantras. Eu paguei o curso pra receber o mantra que supostamente \u00e9 pessoal e coisa e tal. Depois descobri que o mantra n\u00e3o \u00e9 assim t\u00e3\u00e3\u00e3\u00e3\u00e3\u00e3o pessoal. E que a medita\u00e7\u00e3o tamb\u00e9m n\u00e3o \u00e9 t\u00e3\u00e3\u00e3\u00e3\u00e3o original assim.<\/p>\n<p style=\"text-align:justify;\">E que tem uma medita\u00e7\u00e3o igualzinha, mas igualzinha, s\u00f3 que da tradi\u00e7\u00e3o crist\u00e3. \u00c9 \u00e9 a <a href=\"http:\/\/levezadeser.googlepages.com\/meditar\" target=\"_blank\" rel=\"noopener\">ora\u00e7\u00e3o centrante<\/a>, ensinada de gra\u00e7a. Ou a <a href=\"http:\/\/levezadeser.googlepages.com\/meditar\" target=\"_blank\" rel=\"noopener\">Medita\u00e7\u00e3o Crist\u00e3<\/a>.<\/p>\n<p style=\"text-align:justify;\">A \u00fanica coisa que muda \u00e9 o mantra, a palavra na qual vc medita. Que <em>por supuesto<\/em>, na <a href=\"http:\/\/levezadeser.googlepages.com\/meditar\" target=\"_blank\" rel=\"noopener\">medita\u00e7\u00e3o crist\u00e3<\/a> \u00e9 crist\u00e3o e na MT \u00e9 hindu.<\/p>\n<p style=\"text-align:justify;\">Claro que os adeptos praticantes de carteirinha v\u00e3o dizer que h\u00e1 alguma diferen\u00e7a, mas n\u00e3o h\u00e1. Inclusive <a href=\"http:\/\/www.wccm.com.br\/john_main.htm\" target=\"_blank\" rel=\"noopener\">o monge<\/a> que trouxe de volta a medita\u00e7\u00e3o crist\u00e3o foi treinado com um swami hindu. Enfim, a medita\u00e7\u00e3o \u00e9 a mesma. E se um dia forem tentados a fazer o curso de MT, fa\u00e7am primeiro, e de gra\u00e7a a medita\u00e7\u00e3o crist\u00e3o ou a ora\u00e7\u00e3o centrante (tem uma ligeira diferen\u00e7a entre essas duas, mas \u00e9 muito pequena.) E<br \/>\ndepois se quiserem gastar seu rico dinheirinho, fa\u00e7am o curso de MT, s\u00f3 pra descobrir que \u00e9 a mesma coisa. J\u00e1 ouvi dizer que um curso de MT na Europa, de cinco dias custa 2000 euros.<\/p>\n<p style=\"text-align:justify;\">Aqui em BH mesmo existem lugares onde a Medita\u00e7\u00e3o pode ser aprendida de gra\u00e7a. E \u00e9 t\u00e3o, mas t\u00e3o simples de fazer que pode at\u00e9 enganar. Mas \u00e9 eficaz. E ela tem me ajudado muito. Estou surpresa comigo mesma de estar sendo t\u00e3o ass\u00ed\u00addua h\u00e1 j\u00e1 algum tempo.<\/p>\n<p style=\"text-align:justify;\">\u00c9 isso, meditem. Meditar ajuda a emagrecer.<\/p>\n<div id=\"-chrome-auto-translate-plugin-dialog\" style=\"opacity:1 !important;background-image:initial !important;background-attachment:initial !important;background-origin:initial !important;background-clip:initial !important;background-color:transparent !important;position:absolute !important;top:0;left:0;overflow-x:visible !important;overflow-y:visible !important;z-index:999999 !important;text-align:left !important;display:none;background-position:initial initial !important;background-repeat:initial initial !important;padding:0!important;margin:0!important;\">\n<div style=\"max-width:300px !important;color:#fafafa !important;opacity:.8 !important;border-color:#000000!important;border-width:0!important;-webkit-border-radius:10px !important;background-color:#363636 !important;font-size:16px !important;padding:8px!important;overflow:visible !important;background-image:-webkit-gradient(linear,left top,right bottom,color-stop(0%,#000),color-stop(50%,#363636),color-stop(100%,#000));z-index:999999 !important;text-align:left !important;\"><\/div>\n<p><img decoding=\"async\" style=\"position:absolute !important;z-index:-1 !important;right:1px !important;top:-20px !important;cursor:pointer !important;-webkit-border-radius:20px;background-color:rgba(200,200,200,0.3) !important;padding:3px 5px 0!important;margin:0!important;\" src=\"http:\/\/www.google.com\/uds\/css\/small-logo.png\" alt=\"\" \/><\/div>\n","protected":false},"excerpt":{"rendered":"<p>Imagem Creative Commons daqui. Hoje eu n\u00e3o tenho nada pra dizer. Os \u00faltimos dias foram ruins. E eu estou lutando pra me convencer a voltar pro eixo. Mas j\u00e1 cansei de dizer que n\u00e3o tenho alternativa, ent\u00e3o vamos indo. O que t\u00e1 sobrando dessa maratona \u00e9 que eu tenho meditado todos os dias. e isso &hellip; <a href=\"https:\/\/nalua.in\/blog\/medita\/\" class=\"more-link\">Continuar lendo <span class=\"screen-reader-text\">meditar<\/span><\/a><\/p>\n","protected":false},"author":1,"featured_media":0,"comment_status":"open","ping_status":"open","sticky":false,"template":"","format":"standard","meta":{"footnotes":""},"categories":[1],"tags":[],"class_list":["post-1992","post","type-post","status-publish","format-standard","hentry","category-uncategorized"],"_links":{"self":[{"href":"https:\/\/nalua.in\/blog\/wp-json\/wp\/v2\/posts\/1992","targetHints":{"allow":["GET"]}}],"collection":[{"href":"https:\/\/nalua.in\/blog\/wp-json\/wp\/v2\/posts"}],"about":[{"href":"https:\/\/nalua.in\/blog\/wp-json\/wp\/v2\/types\/post"}],"author":[{"embeddable":true,"href":"https:\/\/nalua.in\/blog\/wp-json\/wp\/v2\/users\/1"}],"replies":[{"embeddable":true,"href":"https:\/\/nalua.in\/blog\/wp-json\/wp\/v2\/comments?post=1992"}],"version-history":[{"count":0,"href":"https:\/\/nalua.in\/blog\/wp-json\/wp\/v2\/posts\/1992\/revisions"}],"wp:attachment":[{"href":"https:\/\/nalua.in\/blog\/wp-json\/wp\/v2\/media?parent=1992"}],"wp:term":[{"taxonomy":"category","embeddable":true,"href":"https:\/\/nalua.in\/blog\/wp-json\/wp\/v2\/categories?post=1992"},{"taxonomy":"post_tag","embeddable":true,"href":"https:\/\/nalua.in\/blog\/wp-json\/wp\/v2\/tags?post=1992"}],"curies":[{"name":"wp","href":"https:\/\/api.w.org\/{rel}","templated":true}]}}