{"id":1981,"date":"2008-08-17T19:32:03","date_gmt":"2008-08-17T21:32:03","guid":{"rendered":"http:\/\/levezadoser.blog.br\/desirella\/"},"modified":"2008-08-17T19:32:03","modified_gmt":"2008-08-17T21:32:03","slug":"desirella-2","status":"publish","type":"post","link":"https:\/\/nalua.in\/blog\/desirella-2\/","title":{"rendered":"desirella"},"content":{"rendered":"\n<p>          <img loading=\"lazy\" decoding=\"async\" src=\"http:\/\/www.portacurtas.com.br\/imagens\/fotos\/desirella-M.jpg\" style=\"display:inline;float:left;margin-bottom:10px;width:160px;margin-right:10px;height:120px;\" height=\"120\" alt=\"\" width=\"160\" \/>Asssiti esse curta ontem na TV Minas e gostei muito. Tem tudo a ver com o papo que eu venho travando na minha cabe\u00e7a de aceita\u00e7\u00e3o do corpo, de feminilidade e etc. Muito legal, eu gostei. \u00e9 de 2004, mas eu n\u00e3o conhecia ainda.<\/p>\n<p>Assistam, vale \u00ed\u00a0 pena. \u00c9 s\u00f3 clicar aqui: <a href=\"#\">            <span style=\"color:#000000;\">              <strong>Desirella<\/strong>            <\/span>          <\/a>        <\/p>\n<p style=\"text-align:center;\">\n<p style=\"text-align:center;\">          <span style=\"font-size:20px;\">            <strong>              <span style=\"text-decoration:underline;\">                <span style=\"font-size:20px;\">                  <strong>Desirella<\/strong>                <\/span>              <\/span>            <\/strong>          <\/span>        <\/p>\n<p style=\"text-align:center;\">G\u00eanero Anima\u00e7\u00e3o &#8211; Diretor Carlos Eduardo Nogueira<\/p>\n<p style=\"text-align:center;\">Ano 2004 &#8211; Dura\u00e7\u00e3o 11 min<\/p>\n<p style=\"text-align:center;\">Cor Colorido -Bitola v\u00ed\u00addeo &#8211; Pa\u00ed\u00ads Brasil<\/p>\n<p style=\"text-align:center;\">A produ\u00e7\u00e3o deste curta foi viabilizada com patroc\u00ed\u00adnio Petrobras.<\/p>\n<p style=\"text-align:center;\">Vivendo num conto de fadas, a velha Desirella obt\u00e9m um par de sapatos m\u00e1gicos que a torna jovem, numa desesperada tentativa de transcend\u00eancia.<\/p>\n<p style=\"text-align:center;\">          <span style=\"text-decoration:underline;\">Ficha T\u00e9cnica<\/span>        <\/p>\n<p style=\"text-align:center;\">Roteiro Carlos Eduardo Nogueira Edi\u00e7\u00e3o Carlos Eduardo Nogueira Dire\u00e7\u00e3o de Arte Carlos Eduardo Nogueira Som Ruggero Ruschioni M\u00fasica Ruggero Ruschioni<\/p>\n<p style=\"text-align:center;\">          <span style=\"text-decoration:underline;\">Pr\u00eamios<\/span>        <\/p>\n<p style=\"text-align:center;\">Pr\u00eamio do P\u00fablico no Festival de Cuiab\u00e1 2004<\/p>\n<p style=\"text-align:center;\">Pr\u00eamio Especial do J\u00fari no Festival de Cuiab\u00e1 2004<\/p>\n<p style=\"text-align:center;\">Melhor Fic\u00e7\u00e3o no Festival de Gramado 2004<\/p>\n<p style=\"text-align:center;\">Melhor v\u00ed\u00addeo no Festival de Gramado 2004<\/p>\n<p style=\"text-align:center;\">Pr\u00eamio Porta Curtas no Festival Internacional de Curtas do Rio de Janeiro &#8211; Curta Cinema 2004<\/p>\n<p style=\"text-align:center;\">Pr\u00eamio Especial do J\u00fari no Festival Latinoamericano de V\u00ed\u00addeo de Buenos Aires 2004<\/p>\n<p style=\"text-align:center;\">Melhor Dire\u00e7\u00e3o de Arte no Vit\u00f3ria Cine V\u00ed\u00addeo 2004<\/p>\n<p style=\"text-align:center;\">Melhor Curta &#8211; Pr\u00eamio da Cr\u00ed\u00adtica no Cine Cear\u00e1 2004<\/p>\n<p style=\"text-align:center;\">Melhor dire\u00e7\u00e3o no Cine Cear\u00e1 2004<\/p>\n<p style=\"text-align:center;\">Melhor Trilha Sonora no Cine Cear\u00e1 2004<\/p>\n<p style=\"text-align:center;\">Melhor v\u00ed\u00addeo no Cine Cear\u00e1 2004<\/p>\n<p style=\"text-align:center;\">Melhor Anima\u00e7\u00e3o no Festival de Bel\u00e9m 2004<\/p>\n<p style=\"text-align:center;\">Melhor Trilha Sonora no Festival de Bel\u00e9m 2004<\/p>\n<p style=\"text-align:center;\">Melhor Anima\u00e7\u00e3o no Festival de Video de Santa Maria 2004<\/p>\n<p style=\"text-align:center;\">Melhor Roteiro no Festival de Video de Santa Maria 2004<\/p>\n<p style=\"text-align:center;\">Melhor v\u00ed\u00addeo no Festival de Video de Santa Maria 2004<\/p>\n<p style=\"text-align:center;\">Melhor Anima\u00e7\u00e3o &#8211; Hors Concours no Festival de V\u00ed\u00addeo de S\u00e3o Carlos 2004<\/p>\n<p style=\"text-align:center;\">Melhor Anima\u00e7\u00e3o no Guarnic\u00ea de Cine e V\u00ed\u00addeo 2004<\/p>\n<p style=\"text-align:center;\">Melhor Anima\u00e7\u00e3o no Jornada de Cinema da Bahia 2004<\/p>\n","protected":false},"excerpt":{"rendered":"<p>Asssiti esse curta ontem na TV Minas e gostei muito. Tem tudo a ver com o papo que eu venho travando na minha cabe\u00e7a de aceita\u00e7\u00e3o do corpo, de feminilidade e etc. Muito legal, eu gostei. \u00e9 de 2004, mas eu n\u00e3o conhecia ainda. Assistam, vale \u00ed\u00a0 pena. \u00c9 s\u00f3 clicar aqui: Desirella Desirella G\u00eanero &hellip; <a href=\"https:\/\/nalua.in\/blog\/desirella-2\/\" class=\"more-link\">Continuar lendo <span class=\"screen-reader-text\">desirella<\/span><\/a><\/p>\n","protected":false},"author":1,"featured_media":0,"comment_status":"open","ping_status":"open","sticky":false,"template":"","format":"standard","meta":{"footnotes":""},"categories":[1],"tags":[],"class_list":["post-1981","post","type-post","status-publish","format-standard","hentry","category-uncategorized"],"_links":{"self":[{"href":"https:\/\/nalua.in\/blog\/wp-json\/wp\/v2\/posts\/1981","targetHints":{"allow":["GET"]}}],"collection":[{"href":"https:\/\/nalua.in\/blog\/wp-json\/wp\/v2\/posts"}],"about":[{"href":"https:\/\/nalua.in\/blog\/wp-json\/wp\/v2\/types\/post"}],"author":[{"embeddable":true,"href":"https:\/\/nalua.in\/blog\/wp-json\/wp\/v2\/users\/1"}],"replies":[{"embeddable":true,"href":"https:\/\/nalua.in\/blog\/wp-json\/wp\/v2\/comments?post=1981"}],"version-history":[{"count":0,"href":"https:\/\/nalua.in\/blog\/wp-json\/wp\/v2\/posts\/1981\/revisions"}],"wp:attachment":[{"href":"https:\/\/nalua.in\/blog\/wp-json\/wp\/v2\/media?parent=1981"}],"wp:term":[{"taxonomy":"category","embeddable":true,"href":"https:\/\/nalua.in\/blog\/wp-json\/wp\/v2\/categories?post=1981"},{"taxonomy":"post_tag","embeddable":true,"href":"https:\/\/nalua.in\/blog\/wp-json\/wp\/v2\/tags?post=1981"}],"curies":[{"name":"wp","href":"https:\/\/api.w.org\/{rel}","templated":true}]}}