{"id":1979,"date":"2008-05-28T12:32:19","date_gmt":"2008-05-28T15:32:19","guid":{"rendered":"http:\/\/nalu.in\/395"},"modified":"2008-05-28T12:32:19","modified_gmt":"2008-05-28T15:32:19","slug":"37-ano","status":"publish","type":"post","link":"https:\/\/nalua.in\/blog\/37-ano\/","title":{"rendered":"37"},"content":{"rendered":"<p><a href=\"http:\/\/nalu.files.wordpress.com\/2008\/05\/37.jpg\"><img loading=\"lazy\" decoding=\"async\" class=\"alignleft size-full wp-image-1714\" style=\"margin:5px;\" title=\"37\" src=\"http:\/\/nalu.files.wordpress.com\/2008\/05\/37.jpg\" alt=\"\" width=\"324\" height=\"215\" \/><\/a><\/p>\n<p style=\"text-align:justify;\"><em>Update<\/em>: Ent\u00e3o, <a href=\"http:\/\/escrevalolaescreva.blogspot.com\" target=\"_blank\" rel=\"noopener\">Lola<\/a>, \u00e9 anivers\u00e1rio mesmo, eu fa\u00e7o 37. Eu estava correndo, por isso s\u00f3 o n\u00famero.<\/p>\n<p style=\"text-align:justify;\">Primeiro dia do resto da vida. Como todos, ali\u00e1s. Mas eu sempre amei anivers\u00e1rio, adoro ter um dia especial pra mim. Minha Revolu\u00e7\u00e3o Solar esse ano n\u00e3o est\u00e1 simples, mas vai dar tudo certo, como sempre, eu sei.<\/p>\n<p style=\"text-align:justify;\">Meu medo \u00e9 pura nostalgia desse ano que foi um dos melhores da minha vida. Realizei um grande sonho que era conhecer um outro pa\u00ed\u00ads e comecei um doutorado, que era outra grande vontade. Duas realiza\u00e7\u00f5es grandes num ano. Fiz amigas maravilhosas nesse per\u00ed\u00adodo, amigas de inf\u00e2ncia mesmo, minhas irm\u00e3s queridas. Foi um ano de muito crescimento mental tamb\u00e9m, muito horizonte aberto. Dai o medo do pr\u00f3ximo n\u00e3o ser t\u00e3o bom. Gosto da explica\u00e7\u00e3o que o Fl\u00e1vio Gikovate d\u00e1 pra esse medo da felicidade que temos quase todos n\u00f3s. Mas ainda bem que isso \u00e9 s\u00f3 uma esp\u00e9cie de pensamento m\u00e1gico. e no fundo eu sempre tendo ao otimismo. Tenho J\u00fapiter como g\u00eanio interior, n\u00e3o podia ser diferente.<\/p>\n<p style=\"text-align:justify;\">Fechei com chave de ouro esse ano, com encontro com as amigas mais queridas que algu\u00e9m pode ter, ent\u00e3o tudo \u00e9 lindo. <a href=\"http:\/\/www.orkut.com\/Album.aspx?uid=8923114265633666660&amp;aid=1211607852\" target=\"_blank\" rel=\"noopener\">Fotos aqui<\/a>:<\/p>\n<p style=\"text-align:justify;\">Ent\u00e3o que venham mais 37.<\/p>\n<div id=\"-chrome-auto-translate-plugin-dialog\" style=\"opacity:1 !important;background-image:initial !important;background-attachment:initial !important;background-origin:initial !important;background-clip:initial !important;background-color:transparent !important;position:absolute !important;top:0;left:0;overflow-x:visible !important;overflow-y:visible !important;z-index:999999 !important;text-align:left !important;display:none;background-position:initial initial !important;background-repeat:initial initial !important;padding:0!important;margin:0!important;\">\n<div style=\"max-width:300px !important;color:#fafafa !important;opacity:.8 !important;border-color:#000000!important;border-width:0!important;-webkit-border-radius:10px !important;background-color:#363636 !important;font-size:16px !important;padding:8px!important;overflow:visible !important;background-image:-webkit-gradient(linear,left top,right bottom,color-stop(0%,#000),color-stop(50%,#363636),color-stop(100%,#000));z-index:999999 !important;text-align:left !important;\"><\/div>\n<p><img decoding=\"async\" style=\"position:absolute !important;z-index:-1 !important;right:1px !important;top:-20px !important;cursor:pointer !important;-webkit-border-radius:20px;background-color:rgba(200,200,200,0.3) !important;padding:3px 5px 0!important;margin:0!important;\" src=\"http:\/\/www.google.com\/uds\/css\/small-logo.png\" alt=\"\" \/>\n<\/div>\n","protected":false},"excerpt":{"rendered":"<p>Update: Ent\u00e3o, Lola, \u00e9 anivers\u00e1rio mesmo, eu fa\u00e7o 37. Eu estava correndo, por isso s\u00f3 o n\u00famero. Primeiro dia do resto da vida. Como todos, ali\u00e1s. Mas eu sempre amei anivers\u00e1rio, adoro ter um dia especial pra mim. Minha Revolu\u00e7\u00e3o Solar esse ano n\u00e3o est\u00e1 simples, mas vai dar tudo certo, como sempre, eu sei. &hellip; <a href=\"https:\/\/nalua.in\/blog\/37-ano\/\" class=\"more-link\">Continuar lendo <span class=\"screen-reader-text\">37<\/span><\/a><\/p>\n","protected":false},"author":1,"featured_media":0,"comment_status":"open","ping_status":"open","sticky":false,"template":"","format":"standard","meta":{"footnotes":""},"categories":[40],"tags":[],"class_list":["post-1979","post","type-post","status-publish","format-standard","hentry","category-leveza"],"_links":{"self":[{"href":"https:\/\/nalua.in\/blog\/wp-json\/wp\/v2\/posts\/1979","targetHints":{"allow":["GET"]}}],"collection":[{"href":"https:\/\/nalua.in\/blog\/wp-json\/wp\/v2\/posts"}],"about":[{"href":"https:\/\/nalua.in\/blog\/wp-json\/wp\/v2\/types\/post"}],"author":[{"embeddable":true,"href":"https:\/\/nalua.in\/blog\/wp-json\/wp\/v2\/users\/1"}],"replies":[{"embeddable":true,"href":"https:\/\/nalua.in\/blog\/wp-json\/wp\/v2\/comments?post=1979"}],"version-history":[{"count":0,"href":"https:\/\/nalua.in\/blog\/wp-json\/wp\/v2\/posts\/1979\/revisions"}],"wp:attachment":[{"href":"https:\/\/nalua.in\/blog\/wp-json\/wp\/v2\/media?parent=1979"}],"wp:term":[{"taxonomy":"category","embeddable":true,"href":"https:\/\/nalua.in\/blog\/wp-json\/wp\/v2\/categories?post=1979"},{"taxonomy":"post_tag","embeddable":true,"href":"https:\/\/nalua.in\/blog\/wp-json\/wp\/v2\/tags?post=1979"}],"curies":[{"name":"wp","href":"https:\/\/api.w.org\/{rel}","templated":true}]}}