{"id":1952,"date":"2013-05-29T21:47:50","date_gmt":"2013-05-29T23:47:50","guid":{"rendered":"http:\/\/levezadoser.blog.br\/?p=1952"},"modified":"2013-05-29T21:47:50","modified_gmt":"2013-05-29T23:47:50","slug":"a-vida-e-amiga","status":"publish","type":"post","link":"https:\/\/nalua.in\/blog\/a-vida-e-amiga\/","title":{"rendered":"A vida \u00e9 amiga da arte"},"content":{"rendered":"<p><img loading=\"lazy\" decoding=\"async\" class=\"alignleft  wp-image-1954\" style=\"margin: 5px;\" src=\"http:\/\/nalu.files.wordpress.com\/2013\/05\/meninomar.jpg\" alt=\"meninomar\" width=\"239\" height=\"191\" \/><\/p>\n<p style=\"text-align: center;\"><em><strong>Eu vi o menino correndo, eu vi o tempo&#8230;<\/strong><\/em><\/p>\n<p style=\"text-align: center;\">Caetano Veloso<\/p>\n<p style=\"text-align: center;\">=====<\/p>\n<p style=\"text-align: justify;\">faltou abriu (que ato falho!), e falta maio!<\/p>\n<p style=\"text-align: justify;\">Dois meses sem contabilizar, sem preencher, sem viver para cont\u00e1-la, s\u00f3 vivendo! Isso n\u00e3o pode. Mas pelo jeito vai faltar mais, porque o novo projeto me absorve muito, \u00e9 gigantesco, eu me sinto o menininho com um dedal tentando esvaziar o oceano! Mas \u00e9 bom projeto.<\/p>\n<p style=\"text-align: justify;\">E talvez isso tudo seja por causa disso:<\/p>\n<p>\u00c2\u00a0<!--more--><\/p>\n<table border=\"0\" width=\"100%\" cellspacing=\"0\" cellpadding=\"0\" bgcolor=\"#FFFFFF\">\n<tbody>\n<tr>\n<td style=\"text-align: justify;\">\n<h2><em><strong>Necessidades pessoais<\/strong><\/em><\/h2>\n<\/td>\n<td style=\"text-align: justify;\" align=\"right\">***<\/td>\n<\/tr>\n<tr>\n<td style=\"text-align: justify;\" colspan=\"2\">V\u00e1lido durante muitos meses : Este tr\u00e2nsito lhe trar\u00e1 oportunidades de se impor, al\u00e9m de permitir-lhe fazer coisas que jamais fez. A t\u00f4nica ser\u00e1: &#8220;Liberdade para ser quem sou!&#8221;Sua energia f\u00ed\u00adsica estar\u00e1 em alta, de forma que ser\u00e1 capaz de trabalhar com afinco em qualquer coisa que deseje. Voc\u00ea n\u00e3o estar\u00e1 com esp\u00ed\u00adrito para nenhum trabalho que exija disciplina ou abnega\u00e7\u00e3o. Isso n\u00e3o quer dizer que esteja sendo ego\u00ed\u00adsta nem indulgente consigo mesma, mas que realmente chegou a uma compreens\u00e3o de suas necessidades pessoais e que n\u00e3o est\u00e1 disposta a concess\u00f5es.\u00c9 poss\u00ed\u00advel que se liberte repentinamente de algumas restri\u00e7\u00f5es que podem vir impedindo-a de realizar diversas atividades \u00ed\u00a0s quais gostaria de se dedicar e que poderiam ajud\u00e1-la muito a desenvolver-se. Isso lhe dar\u00e1 uma nova liberdade de a\u00e7\u00e3o. Em outras \u00e9pocas, talvez tenha sentido necessidade de lutar e rebelar-se contra certos obst\u00e1culos em sua vida, mas agora isso n\u00e3o ser\u00e1 necess\u00e1rio. As oportunidades de livrar-se dos obst\u00e1culos vir\u00e3o espontaneamente at\u00e9 voc\u00ea. Contudo, elas exigem que voc\u00ea as aproveite para compreender melhor aquilo de que \u00e9 capaz. Este tr\u00e2nsito ir\u00e1 ampliar a no\u00e7\u00e3o que tem de sua pr\u00f3pria capacidade, que provavelmente foi bastante tolhida em tempos passados. Voc\u00ea desejar\u00e1 arriscar-se mesmo que sempre tenha sido conservadora, chegando \u00ed\u00a0 prov\u00e1vel conclus\u00e3o de que era demasiado cautelosa antes.A liberdade ser\u00e1 importante para voc\u00ea em todos os sentidos. Provavelmente se sentir\u00e1 atra\u00ed\u00adda a trabalhar ao lado de pessoas que t\u00eam o mesmo tipo de experi\u00eancia de vida. Se j\u00e1 teve vontade de participar de algum movimento de mudan\u00e7a e reforma social, \u00e9 bem prov\u00e1vel que o fa\u00e7a agora. Descobrindo seu pr\u00f3prio potencial de liberta\u00e7\u00e3o diante das restri\u00e7\u00f5es impostas, ter\u00e1 prazer em incitar os outros a fazer o mesmo. Contudo, deve reconhecer que as limita\u00e7\u00f5es que encontrou na vida n\u00e3o foram colocadas unicamente por for\u00e7as acima de seu controle. Voc\u00ea tamb\u00e9m participou no processo nem que seja consentindo, independente de estar movida pelo medo, por uma sensa\u00e7\u00e3o de incapacidade ou pelo desejo de cautela.<\/td>\n<\/tr>\n<tr>\n<td colspan=\"2\" valign=\"bottom\"><small>Tr\u00e2nsito selecionado para hoje (pelo usu\u00e1rio):<br \/>\nUrano sextil Marte,\u00c2\u00a0<img loading=\"lazy\" decoding=\"async\" src=\"http:\/\/www.astro.com\/im\/sym\/s_ue.18.gif\" alt=\"\" width=\"17\" height=\"15\" \/><img loading=\"lazy\" decoding=\"async\" src=\"http:\/\/www.astro.com\/im\/sym\/s_sxt.18.gif\" alt=\"\" width=\"10\" height=\"7\" \/><img loading=\"lazy\" decoding=\"async\" src=\"http:\/\/www.astro.com\/im\/sym\/s_ma.18.gif\" alt=\"\" width=\"17\" height=\"13\" \/>,<br \/>\nPer\u00ed\u00adodo ativo meados de maio 2013 at\u00e9 meados de janeiro 2015<\/small><\/td>\n<\/tr>\n<\/tbody>\n<\/table>\n<p>\u00e2\u2122\u00aa<a href=\"http:\/\/letras.mus.br\/roberto-carlos\/204986\/\" target=\"_blank\" rel=\"noopener\">For\u00e7a estranha<\/a><\/p>\n","protected":false},"excerpt":{"rendered":"<p>Eu vi o menino correndo, eu vi o tempo&#8230; Caetano Veloso ===== faltou abriu (que ato falho!), e falta maio! Dois meses sem contabilizar, sem preencher, sem viver para cont\u00e1-la, s\u00f3 vivendo! Isso n\u00e3o pode. Mas pelo jeito vai faltar mais, porque o novo projeto me absorve muito, \u00e9 gigantesco, eu me sinto o menininho &hellip; <a href=\"https:\/\/nalua.in\/blog\/a-vida-e-amiga\/\" class=\"more-link\">Continuar lendo <span class=\"screen-reader-text\">A vida \u00e9 amiga da arte<\/span><\/a><\/p>\n","protected":false},"author":1,"featured_media":0,"comment_status":"open","ping_status":"open","sticky":false,"template":"","format":"standard","meta":{"footnotes":""},"categories":[15],"tags":[],"class_list":["post-1952","post","type-post","status-publish","format-standard","hentry","category-conquistas"],"_links":{"self":[{"href":"https:\/\/nalua.in\/blog\/wp-json\/wp\/v2\/posts\/1952","targetHints":{"allow":["GET"]}}],"collection":[{"href":"https:\/\/nalua.in\/blog\/wp-json\/wp\/v2\/posts"}],"about":[{"href":"https:\/\/nalua.in\/blog\/wp-json\/wp\/v2\/types\/post"}],"author":[{"embeddable":true,"href":"https:\/\/nalua.in\/blog\/wp-json\/wp\/v2\/users\/1"}],"replies":[{"embeddable":true,"href":"https:\/\/nalua.in\/blog\/wp-json\/wp\/v2\/comments?post=1952"}],"version-history":[{"count":0,"href":"https:\/\/nalua.in\/blog\/wp-json\/wp\/v2\/posts\/1952\/revisions"}],"wp:attachment":[{"href":"https:\/\/nalua.in\/blog\/wp-json\/wp\/v2\/media?parent=1952"}],"wp:term":[{"taxonomy":"category","embeddable":true,"href":"https:\/\/nalua.in\/blog\/wp-json\/wp\/v2\/categories?post=1952"},{"taxonomy":"post_tag","embeddable":true,"href":"https:\/\/nalua.in\/blog\/wp-json\/wp\/v2\/tags?post=1952"}],"curies":[{"name":"wp","href":"https:\/\/api.w.org\/{rel}","templated":true}]}}