{"id":1938,"date":"2013-03-09T20:15:03","date_gmt":"2013-03-09T22:15:03","guid":{"rendered":"http:\/\/levezadoser.blog.br\/?p=1938"},"modified":"2013-03-09T20:15:03","modified_gmt":"2013-03-09T22:15:03","slug":"fevereiro","status":"publish","type":"post","link":"https:\/\/nalua.in\/blog\/fevereiro\/","title":{"rendered":"Fevereiro"},"content":{"rendered":"<figure style=\"width: 204px\" class=\"wp-caption alignleft\"><img loading=\"lazy\" decoding=\"async\" class=\"\" style=\"margin: 5px;\" src=\"http:\/\/nalu.in\/wp-content\/uploads\/2013\/03\/gaelmaude.jpg\" alt=\"\" width=\"204\" height=\"204\" \/><figcaption class=\"wp-caption-text\"><strong><em>A vida come\u00e7a hoje<\/em><\/strong><br \/><strong><em>Todo dia \u00e9 dia dela come\u00e7ar<\/em><\/strong><br \/><strong><em>Tudo \u00e9 aqui e agora<\/em><\/strong><br \/><strong><em>Vir\u00e1 uma nova aurora<\/em><\/strong><br \/><strong><em>Com a manh\u00e3 que vai chegar<br \/><\/em><\/strong>(Toquinho)<strong><em><br \/><\/em><\/strong><\/figcaption><\/figure>\n<h5 style=\"text-align: center;\"><span style=\"text-align: justify;\">Recheios de Fevereiro<\/span><\/h5>\n<p>&nbsp;<\/p>\n<p style=\"text-align: justify;\"><span style=\"text-align: justify;\">Fevereiro acabou, mar\u00e7o vai longe e eu nada. Nada mesmo. Quando comecei a escrever aqui percebi que minha vida ficou mais interessante, mais rica e depois deu uma parada. Eu estou numa fase LOTADA de pendencias, lotada<\/span><span style=\"text-align: justify;\">, trabalho, meu diagn\u00f3stico que n\u00e3o fecha,\u00c2\u00a0rem\u00e9dio\u00c2\u00a0que eu n\u00e3o acerto, n\u00e3o estou me sentindo bem, oh c\u00e9us, oh vida.<\/span><\/p>\n<p style=\"text-align: justify;\">Mas dia 11 de mar\u00e7o saem os resultados dos exames, e com isso acho que as coisas voltam a ficar mais legais. Tamb\u00e9m estou fazendo um esfor\u00e7o herc\u00faleo pra colocar meu trabalho em dia e isso vai me abrir a vida tamb\u00e9m. Mesmo assim eu me cansei desse a vida \u00e9 pra depois, n\u00e3o \u00e9, toda torcida do flamengo sabe eu sei e quem porventura estiver lendo isso aqui tamb\u00e9m.<!--more--><\/p>\n<p style=\"text-align: justify;\">Uma amiga quer\u00ed\u00addissima me alertou que depois que eu parei de cozinhar a dieta descambou. \u00c9 verdade, \u00e9 verdade, \u00e9 verdade, n\u00e3o s\u00f3 a dieta, muita coisa. Eu estou tendo menos prazeres por hora. N\u00e3o t\u00e1 ruim, n\u00e3o mesmo, eu ainda tenho vivido muitas coisas boas, mas poderia estar muito melhor. E com pouco esfor\u00e7o, essa \u00e9 a verdade. E estamos em obras justamente para isso.<\/p>\n<p style=\"text-align: justify;\">Mas a\u00ed\u00ad vai o balan\u00e7o:<\/p>\n<p style=\"text-align: justify;\"><strong>Livros<\/strong><\/p>\n<p style=\"text-align: justify;\"><!--more--><\/p>\n<p style=\"text-align: justify;\">Esse m\u00eas eu nada li al\u00e9m dos artigos sobre TDAH, mem\u00f3ria, organiza\u00e7\u00e3o e concentra\u00e7\u00e3o. Tudo, obviamente de forma desorganizada, ca\u00f3tica e sem nenhuma concentra\u00e7\u00e3o. ali\u00e1s depois desse\u00c2\u00a0rem\u00e9dio\u00c2\u00a0novo minha concentra\u00e7\u00e3o t\u00e1 imposs\u00ed\u00advel, ali\u00e1s t\u00e1 praticamente\u00c2\u00a0inexistente, p\u00e9ssima.<\/p>\n<ul>\n<li>Quanto menos melhor<\/li>\n<li>Focus<\/li>\n<li>Livre da Ansiedade<\/li>\n<li>Cuide de sua\u00c2\u00a0mem\u00f3ria<\/li>\n<\/ul>\n<p><strong>Alegrias<\/strong><\/p>\n<ul>\n<li>S\u00e1bado de carnaval com as meninas.<\/li>\n<li>os gatinhos das sobrinhas<\/li>\n<li>Harold and Maude<\/li>\n<li>A adapta\u00e7\u00e3o do filhote na escola.<\/li>\n<li>Confraria<\/li>\n<li>Falar com uma amiga t\u00e3o antiga, t\u00e3o querida e de quem h\u00e1 tanto tempo eu n\u00e3o sabia not\u00ed\u00adcias<\/li>\n<\/ul>\n<p><strong>Filmes<\/strong><\/p>\n<ul>\n<li>O Lado bom da Vida<\/li>\n<li>Argo<\/li>\n<li>Indom\u00e1vel Sonhadora<\/li>\n<\/ul>\n<p>\u00e2\u2122\u00ab <a href=\"http:\/\/www.toquinho.com.br\/includes\/ver_musicas.inc.php?cod=1334&amp;campo=letras&amp;iframe=true&amp;width=500&amp;height=450\" target=\"_blank\" rel=\"noopener\">A vida come\u00e7a hoje<\/a><\/p>\n","protected":false},"excerpt":{"rendered":"<p>Recheios de Fevereiro &nbsp; Fevereiro acabou, mar\u00e7o vai longe e eu nada. Nada mesmo. Quando comecei a escrever aqui percebi que minha vida ficou mais interessante, mais rica e depois deu uma parada. Eu estou numa fase LOTADA de pendencias, lotada, trabalho, meu diagn\u00f3stico que n\u00e3o fecha,\u00c2\u00a0rem\u00e9dio\u00c2\u00a0que eu n\u00e3o acerto, n\u00e3o estou me sentindo bem, &hellip; <a href=\"https:\/\/nalua.in\/blog\/fevereiro\/\" class=\"more-link\">Continuar lendo <span class=\"screen-reader-text\">Fevereiro<\/span><\/a><\/p>\n","protected":false},"author":1,"featured_media":0,"comment_status":"open","ping_status":"open","sticky":false,"template":"","format":"standard","meta":{"footnotes":""},"categories":[52],"tags":[],"class_list":["post-1938","post","type-post","status-publish","format-standard","hentry","category-mensalinho"],"_links":{"self":[{"href":"https:\/\/nalua.in\/blog\/wp-json\/wp\/v2\/posts\/1938","targetHints":{"allow":["GET"]}}],"collection":[{"href":"https:\/\/nalua.in\/blog\/wp-json\/wp\/v2\/posts"}],"about":[{"href":"https:\/\/nalua.in\/blog\/wp-json\/wp\/v2\/types\/post"}],"author":[{"embeddable":true,"href":"https:\/\/nalua.in\/blog\/wp-json\/wp\/v2\/users\/1"}],"replies":[{"embeddable":true,"href":"https:\/\/nalua.in\/blog\/wp-json\/wp\/v2\/comments?post=1938"}],"version-history":[{"count":0,"href":"https:\/\/nalua.in\/blog\/wp-json\/wp\/v2\/posts\/1938\/revisions"}],"wp:attachment":[{"href":"https:\/\/nalua.in\/blog\/wp-json\/wp\/v2\/media?parent=1938"}],"wp:term":[{"taxonomy":"category","embeddable":true,"href":"https:\/\/nalua.in\/blog\/wp-json\/wp\/v2\/categories?post=1938"},{"taxonomy":"post_tag","embeddable":true,"href":"https:\/\/nalua.in\/blog\/wp-json\/wp\/v2\/tags?post=1938"}],"curies":[{"name":"wp","href":"https:\/\/api.w.org\/{rel}","templated":true}]}}