{"id":1904,"date":"2012-12-16T13:20:43","date_gmt":"2012-12-16T15:20:43","guid":{"rendered":"http:\/\/levezadoser.blog.br\/?p=1904"},"modified":"2012-12-16T13:20:43","modified_gmt":"2012-12-16T15:20:43","slug":"nas-ruas-desprezo-quem-sorriu","status":"publish","type":"post","link":"https:\/\/nalua.in\/blog\/nas-ruas-desprezo-quem-sorriu\/","title":{"rendered":"Amanh\u00e3 \u00e9 cedo pra estar melhor"},"content":{"rendered":"<h5><strong>Recheios de novembro<\/strong><br \/>\n<a href=\"http:\/\/levezadoser.blog.br\/nas-ruas-desprezo-quem-sorriu\/twinkle\/\" rel=\"attachment wp-att-1905\"><img loading=\"lazy\" decoding=\"async\" class=\"alignleft  wp-image-1905\" style=\"margin: 5px;\" src=\"http:\/\/nalu.files.wordpress.com\/2012\/12\/twinkle.jpg\" alt=\"twinkle\" width=\"242\" height=\"330\" \/><\/a><\/h5>\n<blockquote><p><strong><em>Socorre-me, devolve-me a leveza<\/em><\/strong><br \/>\n<strong> <em> Da t\u00e3o primeira nuvem que avistares.<\/em><\/strong><\/p><\/blockquote>\n<p><strong><em>Daniel Faria<\/em><\/strong><br \/>\n===<br \/>\n<strong>Filmes<\/strong><br \/>\n<!--more--><\/p>\n<ul>\n<li>Rei Arthur<\/li>\n<li>Amanhecer<\/li>\n<li><\/li>\n<\/ul>\n<p><strong>S\u00e9ries<\/strong><\/p>\n<ul>\n<li>Pilares da Terra &#8211; completo<\/li>\n<li>The Wire &#8211; completo<\/li>\n<\/ul>\n<p>&nbsp;<br \/>\n<strong>Livros<\/strong><\/p>\n<ul>\n<li>A Mulher Foge &#8211; \u00c2\u00a0David Grossman<\/li>\n<li>A sangue frio &#8211; Truman Capote<\/li>\n<li>Vitamina D<\/li>\n<li>Brasil Nunca Mais (reli)<\/li>\n<\/ul>\n<p><strong>Alegrias<\/strong><\/p>\n<ul>\n<li>Confraria<\/li>\n<li>Encontro com Rada.<\/li>\n<li>Possibilidade de doen\u00e7as s\u00e9rias que n\u00e3o deram em quase nada. Ufa.<\/li>\n<\/ul>\n<p>&nbsp;<br \/>\nN\u00e3o fui atualizando aos poucos ent\u00e3o \u00e9 muito prov\u00e1vel que eu tenha esquecido alguma coisa, ou muita. Por isso dezembro j\u00e1 vai longe e eu nem t\u00f4 fazendo invent\u00e1rio. Vou fazer para completar redondinho o ano.<br \/>\nFoi um m\u00eas de muita enfermaria, adoeci, adoeci, passei dia no PS, e ainda n\u00e3o me sinto bem. Por isso novembro fica assim, capenga, n\u00e3o tenho mesmo muito a dizer dele, acho que nem quero muito lembrar.<\/p>\n","protected":false},"excerpt":{"rendered":"<p>Recheios de novembro Socorre-me, devolve-me a leveza Da t\u00e3o primeira nuvem que avistares. Daniel Faria === Filmes<\/p>\n","protected":false},"author":1,"featured_media":0,"comment_status":"open","ping_status":"open","sticky":false,"template":"","format":"standard","meta":{"footnotes":""},"categories":[52],"tags":[],"class_list":["post-1904","post","type-post","status-publish","format-standard","hentry","category-mensalinho"],"_links":{"self":[{"href":"https:\/\/nalua.in\/blog\/wp-json\/wp\/v2\/posts\/1904","targetHints":{"allow":["GET"]}}],"collection":[{"href":"https:\/\/nalua.in\/blog\/wp-json\/wp\/v2\/posts"}],"about":[{"href":"https:\/\/nalua.in\/blog\/wp-json\/wp\/v2\/types\/post"}],"author":[{"embeddable":true,"href":"https:\/\/nalua.in\/blog\/wp-json\/wp\/v2\/users\/1"}],"replies":[{"embeddable":true,"href":"https:\/\/nalua.in\/blog\/wp-json\/wp\/v2\/comments?post=1904"}],"version-history":[{"count":0,"href":"https:\/\/nalua.in\/blog\/wp-json\/wp\/v2\/posts\/1904\/revisions"}],"wp:attachment":[{"href":"https:\/\/nalua.in\/blog\/wp-json\/wp\/v2\/media?parent=1904"}],"wp:term":[{"taxonomy":"category","embeddable":true,"href":"https:\/\/nalua.in\/blog\/wp-json\/wp\/v2\/categories?post=1904"},{"taxonomy":"post_tag","embeddable":true,"href":"https:\/\/nalua.in\/blog\/wp-json\/wp\/v2\/tags?post=1904"}],"curies":[{"name":"wp","href":"https:\/\/api.w.org\/{rel}","templated":true}]}}