{"id":1876,"date":"2012-10-01T00:01:37","date_gmt":"2012-10-01T02:01:37","guid":{"rendered":"http:\/\/levezadoser.blog.br\/?p=1876"},"modified":"2012-10-01T00:01:37","modified_gmt":"2012-10-01T02:01:37","slug":"fui-eu-quem-se-fechou-no-muro","status":"publish","type":"post","link":"https:\/\/nalua.in\/blog\/fui-eu-quem-se-fechou-no-muro\/","title":{"rendered":"Fui eu quem se fechou no muro"},"content":{"rendered":"<h5>Recheios de Setembro<\/h5>\n<p style=\"text-align: center;\"><span style=\"text-decoration: underline;\"><strong><a href=\"http:\/\/nalu.files.wordpress.com\/2012\/10\/leminski.jpg\"><img loading=\"lazy\" decoding=\"async\" class=\"alignleft wp-image-1885 \" title=\"leminski\" src=\"http:\/\/nalu.files.wordpress.com\/2012\/10\/leminski.jpg\" alt=\"\" width=\"390\" height=\"276\" \/><\/a><br \/>\n<\/strong><\/span><\/p>\n<p style=\"text-align: center;\"><strong><em>&#8220;Hoje me deu uma tristeza,<\/em><\/strong><br \/>\n<strong><em> sofri tr\u00eas tipos de medo<\/em><\/strong><br \/>\n<strong><em> acrescido do fato irrevers\u00ed\u00advel:<\/em><\/strong><br \/>\n<strong><em> n\u00e3o sou mais jovem.<\/em><\/strong><br \/>\n<strong><em> Discuti pol\u00ed\u00adtica, feminismo,<\/em><\/strong><br \/>\n<strong><em> a pertin\u00eancia da reforma penal,<\/em><\/strong><br \/>\n<strong><em> mas ao fim dos assuntos<\/em><\/strong><br \/>\n<strong><em> tirava da bolsa meu caquinho<\/em><\/strong><br \/>\n<strong><em> de espelho<\/em><\/strong><br \/>\n<strong><em> e enchia os olhos de l\u00e1grimas:<\/em><\/strong><br \/>\n<strong><em> n\u00e3o sou mais jovem&#8230;&#8221;<\/em><\/strong><\/p>\n<p style=\"text-align: center;\"><strong><em>Ad\u00e9lia Prado<\/em><\/strong><\/p>\n<p style=\"text-align: center;\">&#8212;&#8212;<\/p>\n<p style=\"text-align: justify;\">Que n\u00e3o falte a falta. Mas como falta n\u00e9?<\/p>\n<p style=\"text-align: justify;\">E como falta, como a gente sente falta e falta aos outros a n\u00f3s mesmos a tudo. E como \u00e9\u00c2\u00a0dif\u00ed\u00adcil\u00c2\u00a0ser artista da pr\u00f3pria vida (segundo o Bauman, <a href=\"http:\/\/www.zahar.com.br\/catalogo_detalhe.asp?id=1266\" target=\"_blank\" rel=\"noopener\">nesse livro lindo, A Arte da Vida<\/a>, somos todos, queiramos ou n\u00e3o artistas da pr\u00f3pria vida. N\u00e3o art\u00ed\u00adfices, <em>artistas<\/em> mesmo.) Ele conseguiu fazer com que o projeto do Sartre ficasse ainda mais\u00c2\u00a0dif\u00ed\u00adcil. E\u00c2\u00a0 eu rio n\u00e9? Porque de arte a minha vida no momento n\u00e3o tem nada. Tem muito \u00e9 de juntar pedacinhos de mim mesma. N\u00e3o, nada mudou, continuo aqui no mesmo lugar, do mesmo jeito, mesmo<em> status quo<\/em> de anos atr\u00e1s. Mas em julho eu simplesmente pirei, chutei o balde, e adoeci. E agora t\u00f4 come\u00e7ando a me recuperar. Nada grave, mas nada simples tamb\u00e9m. E esses \u00faltimos meses tem sido assim, meio parados, meio sem recheio, s\u00f3 o arroz com feij\u00e3o mesmo e t\u00e1 bom, muito bom, ainda tenho que agradecer o trivial.<\/p>\n<p style=\"text-align: justify;\">Mas agora outubro, m\u00eas bonito, que eu sempre gostei, que vem renovando, vem anunciando o fim do ano, o fim da \u00e9poca. Que: se \u00e9 boa pra que pressa? E se \u00e9 ruim: pra que pressa?<\/p>\n<p>Que venha outubro. E que venha sa\u00fade, alegria e temperan\u00e7a.<br \/>\n<strong>Livros<\/strong><br \/>\n<!--more--><\/p>\n<ul>\n<li>A casa dos budas ditosos &#8211; Jo\u00e3o Ubaldo Ribeiro<\/li>\n<li>Serena &#8211; Ian McEwan<\/li>\n<li>A Polaquinha &#8211; Dalton Trevisan<\/li>\n<li>@mor &#8211; Daniel Glattauer<\/li>\n<li>Cada siete olas -\u00c2\u00a0Daniel Glattauer<\/li>\n<li>A Hist\u00f3ria de O &#8211; \u00c2\u00a0Pauline R\u00e9age<\/li>\n<li>A Queda &#8211; Diogo Mainardi<\/li>\n<\/ul>\n<p><strong>Filmes<\/strong><\/p>\n<ul>\n<li>A Mulher de Preto<\/li>\n<li>Nove Rainhas<\/li>\n<\/ul>\n<p><strong>Alegrias<\/strong><\/p>\n<ul>\n<li>Primavera de origami nos museus<\/li>\n<li>Muitos livros convertidos em epub:)<\/li>\n<li>Cuidar de mim<\/li>\n<li>Rendimento do Tat\u00e1 na escola<\/li>\n<li>Uma ben\u00e7\u00e3o de uma amiga querida<\/li>\n<\/ul>\n<div><strong>Cozinha<\/strong><\/div>\n<div>\n<ul>\n<li>Comfort food pro filhote<\/li>\n<\/ul>\n<\/div>\n<div><\/div>\n<div>N\u00e3o teve confraria:(<\/div>\n<p>\u00e2\u2122\u00ab<a href=\"http:\/\/letras.mus.br\/vanusa\/67525\/\" target=\"_blank\" rel=\"noopener\">Manh\u00e3s de setembro<\/a><\/p>\n","protected":false},"excerpt":{"rendered":"<p>Recheios de Setembro &#8220;Hoje me deu uma tristeza, sofri tr\u00eas tipos de medo acrescido do fato irrevers\u00ed\u00advel: n\u00e3o sou mais jovem. Discuti pol\u00ed\u00adtica, feminismo, a pertin\u00eancia da reforma penal, mas ao fim dos assuntos tirava da bolsa meu caquinho de espelho e enchia os olhos de l\u00e1grimas: n\u00e3o sou mais jovem&#8230;&#8221; Ad\u00e9lia Prado &#8212;&#8212; Que &hellip; <a href=\"https:\/\/nalua.in\/blog\/fui-eu-quem-se-fechou-no-muro\/\" class=\"more-link\">Continuar lendo <span class=\"screen-reader-text\">Fui eu quem se fechou no muro<\/span><\/a><\/p>\n","protected":false},"author":1,"featured_media":0,"comment_status":"open","ping_status":"open","sticky":false,"template":"","format":"standard","meta":{"footnotes":""},"categories":[52],"tags":[],"class_list":["post-1876","post","type-post","status-publish","format-standard","hentry","category-mensalinho"],"_links":{"self":[{"href":"https:\/\/nalua.in\/blog\/wp-json\/wp\/v2\/posts\/1876","targetHints":{"allow":["GET"]}}],"collection":[{"href":"https:\/\/nalua.in\/blog\/wp-json\/wp\/v2\/posts"}],"about":[{"href":"https:\/\/nalua.in\/blog\/wp-json\/wp\/v2\/types\/post"}],"author":[{"embeddable":true,"href":"https:\/\/nalua.in\/blog\/wp-json\/wp\/v2\/users\/1"}],"replies":[{"embeddable":true,"href":"https:\/\/nalua.in\/blog\/wp-json\/wp\/v2\/comments?post=1876"}],"version-history":[{"count":0,"href":"https:\/\/nalua.in\/blog\/wp-json\/wp\/v2\/posts\/1876\/revisions"}],"wp:attachment":[{"href":"https:\/\/nalua.in\/blog\/wp-json\/wp\/v2\/media?parent=1876"}],"wp:term":[{"taxonomy":"category","embeddable":true,"href":"https:\/\/nalua.in\/blog\/wp-json\/wp\/v2\/categories?post=1876"},{"taxonomy":"post_tag","embeddable":true,"href":"https:\/\/nalua.in\/blog\/wp-json\/wp\/v2\/tags?post=1876"}],"curies":[{"name":"wp","href":"https:\/\/api.w.org\/{rel}","templated":true}]}}