{"id":1871,"date":"2012-09-07T20:28:29","date_gmt":"2012-09-07T22:28:29","guid":{"rendered":"http:\/\/levezadoser.blog.br\/?p=1871"},"modified":"2012-09-07T20:28:29","modified_gmt":"2012-09-07T22:28:29","slug":"as-coisas-que-eu-penso-e-que-ninguem-quer-entender","status":"publish","type":"post","link":"https:\/\/nalua.in\/blog\/as-coisas-que-eu-penso-e-que-ninguem-quer-entender\/","title":{"rendered":"As coisas que eu penso e que ningu\u00e9m quer entender"},"content":{"rendered":"<h5>Recheios de Agosto<\/h5>\n<blockquote><p><a href=\"http:\/\/levezadoser.blog.br\/as-coisas-que-eu-penso-e-que-ninguem-quer-entender\/scumbag-brain-depressed\/\" rel=\"attachment wp-att-1915\"><img loading=\"lazy\" decoding=\"async\" class=\"alignleft size-full wp-image-1915\" src=\"http:\/\/nalu.files.wordpress.com\/2012\/12\/scumbag-brain-depressed.jpg\" alt=\"scumbag-brain-depressed\" width=\"300\" height=\"210\" \/><\/a><\/p>\n<p style=\"text-align: justify;\"><em>Quando eu sa\u00ed\u00ad de uma importante depress\u00e3o, eu disse a mim mesma que o mundo no qual eu acreditava deveria existir em algum lugar do planeta. Nem se fosse apenas dentro de mim&#8230; Mesmo se ele n\u00e3o existisse em canto algum, se eu, pelo menos, pudesse construi-lo em mim, como um templo das coisas mais bonitas em que eu acredito, o mundo seria sim bonito e doce, o mundo seria cheio de amor, e eu nunca mais ficaria doente. E, nesse mundo, ningu\u00e9m precisa trocar amor por coisa alguma porque ele brota sozinho entre os dedos da m\u00e3o e se alimenta do respirar, do contemplar o c\u00e9u, do fechar os olhos na ventania e abrir os bra\u00e7os antes da chuva. Nesse mundo, as pessoas nunca se abandonam. Elas nunca v\u00e3o embora porque a gente n\u00e3o foi um bom menino. Ou porque a gente ficou com os bra\u00e7os t\u00e3o fraquinhos que n\u00e3o consegue mais abra\u00e7ar e estar perto. Mesmo quando o outro vai embora, a gente n\u00e3o vai. A gente fica e faz um jardim, qualquer coisa para ocupar o tempo, um banco de almofadas coloridas, e pede aos passarinhos n\u00e3o sujarem ali porque aquele \u00e9 o banco do nosso amor, do nosso grande amigo. Para que ele saiba que, em qualquer tempo, em qualquer lugar, daqui a n\u00e3o sei quantos anos, ele pode simplesmente voltar, sem mais explica\u00e7\u00f5es, para olhar o c\u00e9u de m\u00e3os dadas.\u00c2\u00a0<\/em><em><a href=\"http:\/\/pensador.uol.com.br\/autor\/rita_apoena\/\">Rita Apoena<\/a><\/em><\/p>\n<p style=\"text-align: justify;\">\n<\/blockquote>\n<p>Setembro chegou e eu nem notei. Agosto foi estranho, deprimente, estranho, me deixei levar, me deixei pegar pela onda negra de novo.<br \/>\nN\u00e3o tenho o que falar, ainda n\u00e3o sa\u00ed\u00ad de agosto. Vou colocar pra n\u00e3o perder o h\u00e1bito, mas na verdade n\u00e3o fui anotando o que me aconteceu em agosto, escrevo agora o que me lembro, agosto come\u00e7ou cedo e ainda n\u00e3o terminou, espero que dessa segunda n\u00e3o passe.<br \/>\n<span style=\"text-decoration: underline;\"><strong>Agosto<\/strong><\/span><br \/>\n<strong>Filmes<\/strong><br \/>\n<!--more--><\/p>\n<ul>\n<li>Quem quer ser um milion\u00e1rio<\/li>\n<li>Crep\u00fasculo<\/li>\n<li>Lua Nova<\/li>\n<li>Juntos pelo acaso<\/li>\n<\/ul>\n<p><strong>Alegrias<\/strong><\/p>\n<ul>\n<li>Confraria com presen\u00e7a da Sylvia<\/li>\n<li>Grupo corpo com Isa e Sylvia<\/li>\n<li>Anivers\u00e1rio do Tat\u00e1<\/li>\n<li>Nascimento do Paulo C\u00e9sar<\/li>\n<li>Volta da Penha<\/li>\n<\/ul>\n<p><strong>Livros<\/strong><\/p>\n<ul>\n<li>A Dist\u00e2ncia entre n\u00f3s &#8211; \u00c2\u00a0Thrity Unrigar<\/li>\n<li>Mulheres &#8211; Charles Bukowski<\/li>\n<li>O Caderno de Lory Lamb &#8211; \u00c2\u00a0Hilda Hist<\/li>\n<li>Medita\u00e7\u00e3o da Plena Aten\u00e7\u00e3o &#8211; Bante Henepola Gunarati<\/li>\n<li><\/li>\n<\/ul>\n<p><strong>Cozinha<\/strong><\/p>\n<div>\n<ul>\n<li>N\u00e3o aconteceu.<\/li>\n<\/ul>\n<\/div>\n<div><\/div>\n<p>\u00e2\u2122\u00ab <a href=\"http:\/\/letras.mus.br\/wilson-simoninha\/84195\/\" target=\"_blank\" rel=\"noopener\">Agosto Wilson Simoninha<\/a><\/p>\n","protected":false},"excerpt":{"rendered":"<p>Recheios de Agosto Quando eu sa\u00ed\u00ad de uma importante depress\u00e3o, eu disse a mim mesma que o mundo no qual eu acreditava deveria existir em algum lugar do planeta. Nem se fosse apenas dentro de mim&#8230; Mesmo se ele n\u00e3o existisse em canto algum, se eu, pelo menos, pudesse construi-lo em mim, como um templo &hellip; <a href=\"https:\/\/nalua.in\/blog\/as-coisas-que-eu-penso-e-que-ninguem-quer-entender\/\" class=\"more-link\">Continuar lendo <span class=\"screen-reader-text\">As coisas que eu penso e que ningu\u00e9m quer entender<\/span><\/a><\/p>\n","protected":false},"author":1,"featured_media":0,"comment_status":"open","ping_status":"open","sticky":false,"template":"","format":"standard","meta":{"footnotes":""},"categories":[52],"tags":[],"class_list":["post-1871","post","type-post","status-publish","format-standard","hentry","category-mensalinho"],"_links":{"self":[{"href":"https:\/\/nalua.in\/blog\/wp-json\/wp\/v2\/posts\/1871","targetHints":{"allow":["GET"]}}],"collection":[{"href":"https:\/\/nalua.in\/blog\/wp-json\/wp\/v2\/posts"}],"about":[{"href":"https:\/\/nalua.in\/blog\/wp-json\/wp\/v2\/types\/post"}],"author":[{"embeddable":true,"href":"https:\/\/nalua.in\/blog\/wp-json\/wp\/v2\/users\/1"}],"replies":[{"embeddable":true,"href":"https:\/\/nalua.in\/blog\/wp-json\/wp\/v2\/comments?post=1871"}],"version-history":[{"count":0,"href":"https:\/\/nalua.in\/blog\/wp-json\/wp\/v2\/posts\/1871\/revisions"}],"wp:attachment":[{"href":"https:\/\/nalua.in\/blog\/wp-json\/wp\/v2\/media?parent=1871"}],"wp:term":[{"taxonomy":"category","embeddable":true,"href":"https:\/\/nalua.in\/blog\/wp-json\/wp\/v2\/categories?post=1871"},{"taxonomy":"post_tag","embeddable":true,"href":"https:\/\/nalua.in\/blog\/wp-json\/wp\/v2\/tags?post=1871"}],"curies":[{"name":"wp","href":"https:\/\/api.w.org\/{rel}","templated":true}]}}