{"id":183,"date":"2009-06-20T18:29:22","date_gmt":"2009-06-21T00:29:22","guid":{"rendered":"http:\/\/livros.in.blog.br\/que-livro-sou-eu\/"},"modified":"2009-06-20T18:29:22","modified_gmt":"2009-06-21T00:29:22","slug":"que-livro-sou-eu-2","status":"publish","type":"post","link":"https:\/\/nalua.in\/blog\/que-livro-sou-eu-2\/","title":{"rendered":"que livro sou eu"},"content":{"rendered":"<p>Era pra esse post ter s\u00e1ido ontem dia de s\u00e3o jorge e dia do livro, mas vida de gr\u00e1vida n\u00e3o \u00e9 moleza, ent\u00e3o, como \u00e9 s\u00f3 brincadeirinha mesmo, l\u00e1 vai:<br \/>\nVi no Twitter, pela <a href=\"http:\/\/losille.wordpress.com\/\" target=\"_blank\" rel=\"noopener\">Losille<\/a>. <a href=\"http:\/\/educarparacrescer.abril.uol.com.br\/leitura\/testes\/livro-nacional.shtml\" target=\"_blank\" rel=\"noopener\">Se quiser fazer o teste, clique aqui<\/a>. Eu adorei o resultado, adoro os dois livros.<\/p>\n<p style=\"text-align:center;\">&#8212;&#8211;<\/p>\n<p style=\"text-align:center;\"><strong><span style=\"text-decoration:underline;\"><span style=\"font-size:1.5em;\"><strong>Que livro \u00e9 voc\u00ea?<\/strong><\/span><\/span><\/strong><\/p>\n<p style=\"text-align:center;\">Se voc\u00ea fosse um livro nacional, qual livro seria? Um best-seller ultrapopular ou um relato intimista? Fa\u00e7a o teste e descubra.<\/p>\n<p style=\"text-align:center;\">.<\/p>\n<h3><img loading=\"lazy\" decoding=\"async\" style=\"width:180px;display:inline;margin-bottom:5px;float:left;height:256px;margin-right:5px;\" src=\"http:\/\/nalu.blog.br\/imagens\/livros\/memoriaspostumas.jpg\" border=\"0\" alt=\"Machado de Assis\" width=\"180\" height=\"256\" \/><\/h3>\n<div class=\"imagem\">\n<strong><span style=\"text-decoration:underline;\">&#8220;Mem\u00f3rias p\u00f3stumas de Br\u00e1s Cubas&#8221;, de Machado de Assis<\/span><\/strong><\/p>\n<p style=\"text-align:justify;\">Ok, voc\u00ea n\u00e3o \u00e9 exatamente uma pessoa f\u00e1cil e otimista, mas muita gente te adora. \u00c9 poss\u00ed\u00advel, ali\u00e1s, que voc\u00ea marque a hist\u00f3ria de sua fam\u00ed\u00adlia, de seu bairro&#8230; Quem sabe at\u00e9 de sua cidade? Afinal, voc\u00ea consegue ser inteligente e perspicaz, mas nem por isso virar as costas para a popularidade &#8211; um talento raro. Claro que esse cinismo \u00e1cido que voc\u00ea teima em destilar afasta alguns, e os mais jovens nem sempre conseguem entend\u00ea-lo. Mas nada que seu carisma natural e dinamismo n\u00e3o compensem.<\/p>\n<\/div>\n<p style=\"text-align:justify;\"><strong>&#8220;Mem\u00f3rias p\u00f3stumas de Br\u00e1s Cubas&#8221;<\/strong> (1881) \u00e9 considerado o divisor de \u00e1guas entre os movimentos Rom\u00e2ntico e Realista. Uma das express\u00f5es da genialidade de Machado de Assis (e de sua refinada ironia), h\u00e1 d\u00e9cadas tem sido leitura obrigat\u00f3ria na maior parte das escolas e costuma agradar aos alunos adolescentes. J\u00e1 inspirou filme e pe\u00e7as de teatro. \u00c9, portanto, um caso de cl\u00e1ssico capaz de conquistar leitores variados. Proezas de Machado.<\/p>\n<p><img loading=\"lazy\" decoding=\"async\" class=\"alignright size-medium wp-image-236\" style=\"margin:5px;\" title=\"antologiacda\" src=\"http:\/\/livros.in.blog.br\/wp-content\/uploads\/2009\/06\/antologiacda-197x300.jpg\" alt=\"\" width=\"197\" height=\"300\" \/><br \/>\n<span style=\"text-decoration:underline;\">&#8220;Antologia po\u00e9tica&#8221;, de Carlos Drummond de Andrade<\/span><\/p>\n<p style=\"text-align:justify;\">&#8220;O primeiro amor passou \/ O segundo amor passou \/ O terceiro amor passou \/ Mas o cora\u00e7\u00e3o continua&#8221;. Estes versos tocam voc\u00ea, pois voc\u00ea tamb\u00e9m observa a vida poeticamente. E n\u00e3o s\u00e3o s\u00f3 os sentimentos que te inspiram. Pequenas experi\u00eancias do cotidiano &#8211; aquela mo\u00e7a que passa correndo com o buqu\u00ea de flores, o vizinho que cantarola ao buscar o jornal na porta &#8211; emocionam voc\u00ea. Seu olhar \u00e9 doce, mas tamb\u00e9m perspicaz.<br \/>\n<strong>&#8220;Antologia po\u00e9tica&#8221;<\/strong> (1962), de Drummond, um dos nossos grandes poetas, tamb\u00e9m re\u00fane essas qualidades. Seus poemas s\u00e3o singelos e sagazes ao mesmo tempo, provando que n\u00e3o \u00e9 preciso ser duro para entender as sutilezas do cotidiano.<\/p>\n<p style=\"text-align:justify;\">\n","protected":false},"excerpt":{"rendered":"<p>Era pra esse post ter s\u00e1ido ontem dia de s\u00e3o jorge e dia do livro, mas vida de gr\u00e1vida n\u00e3o \u00e9 moleza, ent\u00e3o, como \u00e9 s\u00f3 brincadeirinha mesmo, l\u00e1 vai: Vi no Twitter, pela Losille. Se quiser fazer o teste, clique aqui. Eu adorei o resultado, adoro os dois livros. &#8212;&#8211; Que livro \u00e9 voc\u00ea? &hellip; <a href=\"https:\/\/nalua.in\/blog\/que-livro-sou-eu-2\/\" class=\"more-link\">Continuar lendo <span class=\"screen-reader-text\">que livro sou eu<\/span><\/a><\/p>\n","protected":false},"author":1,"featured_media":0,"comment_status":"open","ping_status":"open","sticky":false,"template":"","format":"standard","meta":{"footnotes":""},"categories":[32],"tags":[],"class_list":["post-183","post","type-post","status-publish","format-standard","hentry","category-geral"],"_links":{"self":[{"href":"https:\/\/nalua.in\/blog\/wp-json\/wp\/v2\/posts\/183","targetHints":{"allow":["GET"]}}],"collection":[{"href":"https:\/\/nalua.in\/blog\/wp-json\/wp\/v2\/posts"}],"about":[{"href":"https:\/\/nalua.in\/blog\/wp-json\/wp\/v2\/types\/post"}],"author":[{"embeddable":true,"href":"https:\/\/nalua.in\/blog\/wp-json\/wp\/v2\/users\/1"}],"replies":[{"embeddable":true,"href":"https:\/\/nalua.in\/blog\/wp-json\/wp\/v2\/comments?post=183"}],"version-history":[{"count":0,"href":"https:\/\/nalua.in\/blog\/wp-json\/wp\/v2\/posts\/183\/revisions"}],"wp:attachment":[{"href":"https:\/\/nalua.in\/blog\/wp-json\/wp\/v2\/media?parent=183"}],"wp:term":[{"taxonomy":"category","embeddable":true,"href":"https:\/\/nalua.in\/blog\/wp-json\/wp\/v2\/categories?post=183"},{"taxonomy":"post_tag","embeddable":true,"href":"https:\/\/nalua.in\/blog\/wp-json\/wp\/v2\/tags?post=183"}],"curies":[{"name":"wp","href":"https:\/\/api.w.org\/{rel}","templated":true}]}}