{"id":1815,"date":"2012-05-31T23:49:47","date_gmt":"2012-06-01T01:49:47","guid":{"rendered":"http:\/\/levezadoser.blog.br\/?p=1815"},"modified":"2012-05-31T23:49:47","modified_gmt":"2012-06-01T01:49:47","slug":"e-mes-de-maio","status":"publish","type":"post","link":"https:\/\/nalua.in\/blog\/e-mes-de-maio\/","title":{"rendered":"\u00c9 m\u00eas de maio, a vida tem seu esplendor"},"content":{"rendered":"<h5>Recheios de Maio<\/h5>\n<p style=\"text-align: center;\">\n<figure id=\"attachment_559\" aria-describedby=\"caption-attachment-559\" style=\"width: 434px\" class=\"wp-caption alignleft\"><a href=\"http:\/\/nalu.files.wordpress.com\/2012\/06\/postfoto2.jpg\" target=\"_blank\" rel=\"http:\/\/nalu.files.wordpress.com\/2012\/06\/postfoto2.jpg noopener\"><img loading=\"lazy\" decoding=\"async\" class=\"     wp-image-559\" style=\"margin: 5px;\" title=\"postfoto2\" src=\"http:\/\/nalu.files.wordpress.com\/2012\/06\/postfoto2.jpg?w=866\" alt=\"\" width=\"434\" height=\"512\" \/><\/a><figcaption id=\"caption-attachment-559\" class=\"wp-caption-text\">Clique para ampliar<\/figcaption><\/figure>\n<address style=\"text-align: center;\">\u00c2\u00a0<\/address>\n<p><strong><em>Maio j\u00e1 est\u00e1 no final<\/em><\/strong><br \/>\n<strong><em> O que somos n\u00f3s afinal se j\u00e1 n\u00e3o nos vemos mais<\/em><\/strong><br \/>\n<strong><em> Estamos longe demais longe demais<\/em><\/strong><br \/>\n<strong><em> Maio j\u00e1 est\u00e1 no final<\/em><\/strong><br \/>\n<strong><em> \u00c9 hora de se mover pr\u00e1 viver mil vezes mais<\/em><\/strong><br \/>\n<strong><em> Esque\u00e7a os meses esque\u00e7a os seus finais esque\u00e7a os finais<\/em><\/strong><br \/>\n<strong><em> Eu preciso de algu\u00e9m sem o qual eu passe mal sem o qual<\/em><\/strong><br \/>\n<strong><em> eu n\u00e3o seja ningu\u00e9m eu preciso de algu\u00e9m<\/em><\/strong><br \/>\n<em> Kid Abelha<\/em><\/p>\n<p style=\"text-align: center;\">=====<\/p>\n<p style=\"text-align: justify;\">Maio foi um m\u00eas surreal, surreal. Come\u00e7ou em abril e acho que est\u00e1 terminando s\u00f3 hoje. Vou postar hoje, 2 de junho, mas com data de 31 de maio, s\u00f3 pra fins de organiza\u00e7\u00e3o, porque a\u00c2\u00a0verdade\u00c2\u00a0\u00e9 que ainda \u00e9 maio. Hoje \u00e9 maio.<\/p>\n<p style=\"text-align: justify;\">Tanta alegria, tantos preparativos, minha vida em suspens\u00e3o, tanta coisa boa. E uma coisa p\u00e9ssima no final. Isso \u00e9 a vida. Isso \u00c9 <strong>Vida<\/strong>.<\/p>\n<p style=\"text-align: justify;\">E maio come\u00e7ou em abril. Depois de uma conversa com uma amiga, quando eu pensei em fazer um encontro de bruxas, aproveitar e celebrar meu anivers\u00e1rio. E a\u00ed\u00ad um grupo de amigas queridas resolveu comparecer. E vieram. 13 amigas, num bate e volta s\u00f3 pra me dar um abra\u00e7o e celebrar meu anivers\u00e1rio. De 4 estados diferentes do pa\u00ed\u00ads. Mas meu Deus, quanta felicidade! <a href=\"http:\/\/nalu.in\/41anos\/index.html\" target=\"_blank\" rel=\"noopener\">Dizem que a gente alcan\u00e7a um ponto auge da vida<\/a> e nem percebe. Acho que eu tive a fortuna de perceber esse ponto. <em>\u00c2\u00a1Gracias, muchissimas gracias!<\/em><\/p>\n<p style=\"text-align: justify;\">N\u00e3o tenho mesmo, n\u00e3o tive antes e continuo sem ter agora como\u00c2\u00a0expressar\u00c2\u00a0o que essas meninas significam pra mim. S\u00e3o mais que amigas, acho que n\u00f3s j\u00e1 passamos dessa esfera. Somos Co-Madres* mesmo. Nos conhecemos num grupo de m\u00e3es. E aprendemos a ser um pouco m\u00e3es umas das outras tamb\u00e9m.<\/p>\n<p style=\"text-align: justify;\"><a href=\"http:\/\/nalu.in\/41anos\/index.html\" target=\"_blank\" rel=\"noopener\">E esse anivers\u00e1rio acabou sendo uma oportunidade dessa mo\u00e7ada toda, que conversa o dia inteiro, todo dia, h\u00e1 tantos anos, de se encontrar, ao vivo, quase todas juntas no mesmo lugar numa tarde que eu achei inesquec\u00ed\u00advel.<\/a> \u00c2\u00a0N\u00f3s j\u00e1 nos encontramos v\u00e1rias vezes, em lugares e circunst\u00e2ncias diferentes, mas nunca em n\u00famero t\u00e3o grande, quase todas n\u00f3s juntas. E daqui de BH estavam os amigos que eu amo tamb\u00e9m. Com poucas aus\u00eancias, justificadas. Os Amigos, na verdade. Ou seja, tudo perfeito.<\/p>\n<p style=\"text-align: justify;\">E quem eu amo mesmo estava l\u00e1, comigo, celebrando a nova d\u00e9cada que entrou mesmo, com for\u00e7a toda. \u00c2\u00a0Agora eu sou uma quarentona de verdade. Mesmo que o anivers\u00e1rio tenha sido de 41.<\/p>\n<p style=\"text-align: justify;\">E cheia de planos, mas deixa esses pra junho. \u00c2\u00a0Agora no final de maio perdi um colega de trabalho, trabalhando, em\u00c2\u00a0consequ\u00eancia tamb\u00e9m do risco que a gente corre nesse of\u00ed\u00adcio ingrato. Foi muito triste, porque ele ficou desaparecido cinco dias, e foi morto de maneira violenta e muito triste. As duas \u00faltimas semanas de maio foram adrenalina pura. Mas. <em>C&#8217;est la vie<\/em>.<\/p>\n<p style=\"text-align: justify;\">Por isso maio foi de pouco filme, pouca leitura, pouca cozinha porque eu fiquei envolvida demais nisso tudo. E nossa, que recheio em maio, que maio, que maio!<\/p>\n<p style=\"text-align: justify;\"><strong>Alegrias<\/strong><\/p>\n<ul>\n<li>Confraria<\/li>\n<li>O M\u00eas quase todo de prepara\u00e7\u00e3o pro Grande Encontro.<\/li>\n<li><a href=\"http:\/\/nalu.in\/41anos\/index.html\" target=\"_blank\" rel=\"noopener\">O Grande Encontro<\/a><\/li>\n<li>Anivers\u00e1rio do meu amor<\/li>\n<li>Meu Anivers\u00e1rio<\/li>\n<\/ul>\n<p><strong>Filmes<\/strong><br \/>\n<strong>Livros<\/strong><\/p>\n<ul>\n<li>O Espet\u00e1culo Mais Triste da Terra<\/li>\n<li>A Ciranda das Mulheres S\u00e1bias<\/li>\n<li>Norwegian Wood (lendo ainda)<\/li>\n<\/ul>\n<p><strong>Comidas<\/strong><\/p>\n<ul>\n<li>Bolo<\/li>\n<li>Latke<\/li>\n<\/ul>\n<div>=====<\/div>\n<p>\u00e2\u2122\u00ab <a href=\"http:\/\/letras.terra.com.br\/almir-sater\/44080\/\" target=\"_blank\" rel=\"noopener\">M\u00eas de Maio, Almir Sater<\/a><br \/>\n====<\/p>\n<pre><em>\u00c2\u00a0<\/em>\n<em> COMADRE \u00e2\u20ac\u201d Em espanhol, esse termo significa<\/em>\n<em> algo semelhante a \"eu sou sua m\u00e3e e ao mesmo<\/em>\n<em> tempo voc\u00ea \u00e9 minha m\u00e3e\". E uma palavra usada<\/em>\n<em> para descrever a rela\u00e7\u00e3o \u00ed\u00adntima entre mulheres<\/em>\n<em> que cuidam uma da outra, que d\u00e3o ouvidos e<\/em>\n<em> ensinam uma \u00ed\u00a0 outra, de uma forma na qual a<\/em>\n<em> alma est\u00e1 sempre inclu\u00ed\u00adda; \u00ed\u00a0s vezes ela \u00e9 o<\/em>\n<em> assunto da conversa, e \u00ed\u00a0s vezes \u00e9 com ela<\/em>\n<em> diretamente que se fala<\/em>.\nEsse grupo come\u00e7ou como Mais Que Comadres.\nMas estava destinado a Comadres mesmo.<\/pre>\n","protected":false},"excerpt":{"rendered":"<p>Recheios de Maio \u00c2\u00a0 Maio j\u00e1 est\u00e1 no final O que somos n\u00f3s afinal se j\u00e1 n\u00e3o nos vemos mais Estamos longe demais longe demais Maio j\u00e1 est\u00e1 no final \u00c9 hora de se mover pr\u00e1 viver mil vezes mais Esque\u00e7a os meses esque\u00e7a os seus finais esque\u00e7a os finais Eu preciso de algu\u00e9m sem &hellip; <a href=\"https:\/\/nalua.in\/blog\/e-mes-de-maio\/\" class=\"more-link\">Continuar lendo <span class=\"screen-reader-text\">\u00c9 m\u00eas de maio, a vida tem seu esplendor<\/span><\/a><\/p>\n","protected":false},"author":1,"featured_media":0,"comment_status":"open","ping_status":"open","sticky":false,"template":"","format":"standard","meta":{"footnotes":""},"categories":[9,52],"tags":[],"class_list":["post-1815","post","type-post","status-publish","format-standard","hentry","category-amor","category-mensalinho"],"_links":{"self":[{"href":"https:\/\/nalua.in\/blog\/wp-json\/wp\/v2\/posts\/1815","targetHints":{"allow":["GET"]}}],"collection":[{"href":"https:\/\/nalua.in\/blog\/wp-json\/wp\/v2\/posts"}],"about":[{"href":"https:\/\/nalua.in\/blog\/wp-json\/wp\/v2\/types\/post"}],"author":[{"embeddable":true,"href":"https:\/\/nalua.in\/blog\/wp-json\/wp\/v2\/users\/1"}],"replies":[{"embeddable":true,"href":"https:\/\/nalua.in\/blog\/wp-json\/wp\/v2\/comments?post=1815"}],"version-history":[{"count":0,"href":"https:\/\/nalua.in\/blog\/wp-json\/wp\/v2\/posts\/1815\/revisions"}],"wp:attachment":[{"href":"https:\/\/nalua.in\/blog\/wp-json\/wp\/v2\/media?parent=1815"}],"wp:term":[{"taxonomy":"category","embeddable":true,"href":"https:\/\/nalua.in\/blog\/wp-json\/wp\/v2\/categories?post=1815"},{"taxonomy":"post_tag","embeddable":true,"href":"https:\/\/nalua.in\/blog\/wp-json\/wp\/v2\/tags?post=1815"}],"curies":[{"name":"wp","href":"https:\/\/api.w.org\/{rel}","templated":true}]}}