{"id":167,"date":"2007-02-22T10:07:42","date_gmt":"2007-02-22T13:07:42","guid":{"rendered":"http:\/\/nalu.in\/167"},"modified":"2007-02-22T10:07:42","modified_gmt":"2007-02-22T13:07:42","slug":"incomodo","status":"publish","type":"post","link":"https:\/\/nalua.in\/blog\/incomodo\/","title":{"rendered":"inc\u00f4modo"},"content":{"rendered":"<p style=\"text-align: justify;\"><a href=\"http:\/\/nalu.in\/wp-content\/uploads\/2007\/02\/woman_shadow315.jpg\"><img loading=\"lazy\" decoding=\"async\" class=\"wp-image-2218 alignright\" src=\"http:\/\/nalu.in\/wp-content\/uploads\/2007\/02\/woman_shadow315.jpg\" alt=\"woman_shadow315\" width=\"231\" height=\"293\" srcset=\"https:\/\/nalua.in\/blog\/wp-content\/uploads\/2007\/02\/woman_shadow315.jpg 315w, https:\/\/nalua.in\/blog\/wp-content\/uploads\/2007\/02\/woman_shadow315-236x300.jpg 236w\" sizes=\"auto, (max-width: 231px) 100vw, 231px\" \/><\/a>Ser\u00e1 que todo mundo tem ou teve em algum momento da vida uma pessoa que \u00e9 querida mas que desperta o seu lado mais sombrio? Eu estou com um caso assim na minha vida e n\u00e3o sei o que fazer. Pessoa muito querida mas que n\u00e3o t\u00e1 mais rolando a conviv\u00eancia, n\u00e3o existem mais trocas, mais di\u00e1logos, n\u00e3o h\u00e1 mais gra\u00e7a, s\u00f3 um gosto amargo e um enorme desconforto. Uma sensa\u00e7\u00e3o de que seus piores sentimentos v\u00eam \u00ed\u00a0 tona, que seus pensamentos menos nobres sobre a pessoa tamb\u00e9m florescem. \u00c9 uma pessoa querida, mas que eu tenho chegado \u00ed\u00a0 triste conclus\u00e3o que tem sentimentos meio excusos por mim. E como fazer, n\u00e3o se arranca uma pessoa assim da sua vida n\u00e9? Depois de tantos anos, amizade, e tal&#8230; Eu fico assim, porque neste caso espec\u00ed\u00adfico sei que conversar n\u00e3o adianta, as palavras nem sempre resolvem tudo mesmo. Bem era s\u00f3 vontade de falar sobre isso um pouco, porque ontem conversei (mentira, eu ouvi) com essa pessoa e at\u00e9 agora estou triste, desconfort\u00e1vel, com raiva, com sentimentos ruins que est\u00e3o estragando meu fr\u00e1gil dia.<\/p>\n","protected":false},"excerpt":{"rendered":"<p>Ser\u00e1 que todo mundo tem ou teve em algum momento da vida uma pessoa que \u00e9 querida mas que desperta o seu lado mais sombrio? Eu estou com um caso assim na minha vida e n\u00e3o sei o que fazer. Pessoa muito querida mas que n\u00e3o t\u00e1 mais rolando a conviv\u00eancia, n\u00e3o existem mais trocas, &hellip; <a href=\"https:\/\/nalua.in\/blog\/incomodo\/\" class=\"more-link\">Continuar lendo <span class=\"screen-reader-text\">inc\u00f4modo<\/span><\/a><\/p>\n","protected":false},"author":1,"featured_media":0,"comment_status":"open","ping_status":"open","sticky":false,"template":"","format":"standard","meta":{"footnotes":""},"categories":[8,86],"tags":[],"class_list":["post-167","post","type-post","status-publish","format-standard","hentry","category-amigos","category-me-myself-an-i"],"_links":{"self":[{"href":"https:\/\/nalua.in\/blog\/wp-json\/wp\/v2\/posts\/167","targetHints":{"allow":["GET"]}}],"collection":[{"href":"https:\/\/nalua.in\/blog\/wp-json\/wp\/v2\/posts"}],"about":[{"href":"https:\/\/nalua.in\/blog\/wp-json\/wp\/v2\/types\/post"}],"author":[{"embeddable":true,"href":"https:\/\/nalua.in\/blog\/wp-json\/wp\/v2\/users\/1"}],"replies":[{"embeddable":true,"href":"https:\/\/nalua.in\/blog\/wp-json\/wp\/v2\/comments?post=167"}],"version-history":[{"count":0,"href":"https:\/\/nalua.in\/blog\/wp-json\/wp\/v2\/posts\/167\/revisions"}],"wp:attachment":[{"href":"https:\/\/nalua.in\/blog\/wp-json\/wp\/v2\/media?parent=167"}],"wp:term":[{"taxonomy":"category","embeddable":true,"href":"https:\/\/nalua.in\/blog\/wp-json\/wp\/v2\/categories?post=167"},{"taxonomy":"post_tag","embeddable":true,"href":"https:\/\/nalua.in\/blog\/wp-json\/wp\/v2\/tags?post=167"}],"curies":[{"name":"wp","href":"https:\/\/api.w.org\/{rel}","templated":true}]}}