{"id":1648,"date":"2012-05-01T15:11:53","date_gmt":"2012-05-01T17:11:53","guid":{"rendered":"http:\/\/levezadoser.blog.br\/?p=1648"},"modified":"2012-05-01T15:11:53","modified_gmt":"2012-05-01T17:11:53","slug":"logo-eu-que-queria-mudar-tudo","status":"publish","type":"post","link":"https:\/\/nalua.in\/blog\/logo-eu-que-queria-mudar-tudo\/","title":{"rendered":"Logo eu que queria mudar tudo"},"content":{"rendered":"<p style=\"text-align: center;\"><a href=\"http:\/\/nalu.in\/wp-content\/uploads\/2012\/05\/digaporfavor.jpg\" target=\"_blank\" rel=\"http:\/\/nalu.in\/wp-content\/uploads\/2012\/05\/digaporfavor.jpg noopener\"><img loading=\"lazy\" decoding=\"async\" class=\"alignleft wp-image-2494\" src=\"http:\/\/nalu.in\/wp-content\/uploads\/2012\/05\/digaporfavor.jpg\" alt=\"digaporfavor\" width=\"291\" height=\"218\" srcset=\"https:\/\/nalua.in\/blog\/wp-content\/uploads\/2012\/05\/digaporfavor.jpg 960w, https:\/\/nalua.in\/blog\/wp-content\/uploads\/2012\/05\/digaporfavor-300x225.jpg 300w, https:\/\/nalua.in\/blog\/wp-content\/uploads\/2012\/05\/digaporfavor-768x576.jpg 768w\" sizes=\"auto, (max-width: 291px) 100vw, 291px\" \/><\/a><br \/>\n<em><strong>\u00c9 t\u00e3o bonito quando a gente pisa firme<\/strong><\/em><br \/>\n<em><strong> Nessas linhas que est\u00e3o nas palmas de nossas m\u00e3os<\/strong><\/em><br \/>\n<em><strong> \u00c9 t\u00e3o bonito quando a gente vai \u00ed\u00a0 vida<\/strong><\/em><br \/>\n<em><strong> Nos caminhos onde bate, bem mais forte o cora\u00e7\u00e3o<\/strong><\/em><\/p>\n<p style=\"text-align: center;\"><strong>Gonzaguinha<\/strong><\/p>\n<p style=\"text-align: center;\">=====<\/p>\n<p style=\"text-align: center;\"><span style=\"text-decoration: underline;\"><strong>Abril<\/strong><\/span><\/p>\n<p style=\"text-align: justify;\">O m\u00eas mais louco em muito tempo. Come\u00e7ou com a viagem para S\u00e3o Paulo, que foi maravilhosa. A recep\u00e7\u00e3o das meninas queridas de l\u00e1 \u00e9 uma das coisas mais deliciosas que a vida me trouxe. Amei a viagem, me diverti muito, foi tudo uma del\u00ed\u00adcia.<\/p>\n<p style=\"text-align: justify;\">Depois teve Confraria duas vezes. O que n\u00e3o acontece com frequ\u00eancia, porque estamos sempre na correria e \u00e9 dificil juntar as agendas das bruxas, cada uma mais ocupada que a outra. Mas nos encontramos, e ainda conseguimos ir uma vez no Comida Di Buteco.<\/p>\n<p style=\"text-align: justify;\">Da\u00ed\u00ad eu ca\u00ed\u00ad num principio de depress\u00e3o, sem qu\u00ea nem porque. E\u00c2\u00a0o m\u00eas foi avan\u00e7ando, mudan\u00e7as impressionantes no meu trabalho, loucura, loucura.<\/p>\n<p style=\"text-align: justify;\">Em abril eu n\u00e3o cozinhei nada, n\u00e3o fiz dieta, n\u00e3o vi nenhum filme. Tinha muito tempo que eu n\u00e3o passava um m\u00eas todo sem ver filme. Em compensa\u00e7\u00e3o vi as\u00c2\u00a0tr\u00eas\u00c2\u00a0primeiras temporadas de True Blood. Mas isso nem conta porque a gente v\u00ea seriado aqui em casa todos os dias.<\/p>\n<p style=\"text-align: justify;\">E fecha abril com chave de ouro, com a prepara\u00e7\u00e3o de uma das coisas mais legais que podiam acontecer agora. Uma acontecimento que t\u00e1 me fazendo t\u00e3o, mas t\u00e3o feliz que a sensa\u00e7\u00e3o \u00e9 a de que eu vou acordar a qualquer minuto e descobrir que era sonho. Mas, hei, Nalu: <em>N\u00e3o<\/em> \u00e9 sonho!<\/p>\n<p><strong>Alegrias<\/strong><\/p>\n<ul>\n<li>Confraria<\/li>\n<li>Viagem pra S\u00e3o Paulo<\/li>\n<li>Tarde na Babi<\/li>\n<li>Almo\u00e7o no Masp<\/li>\n<li>Exposi\u00e7\u00e3o sobre a \u00ed\u008dndia com a D\u00ea<\/li>\n<li>Encontro com a Dani<\/li>\n<li>Gael e os bichos<\/li>\n<li>Confraria no Comida di Buteco<\/li>\n<li>Noite Sylvia e Karina<\/li>\n<li>E a chave de ouro, <em>aquela<\/em> prepara\u00e7\u00e3o.<\/li>\n<\/ul>\n<p><strong>Filmes<\/strong><\/p>\n<ul>\n<li>True Blood 1\u00aa 2\u00aa e 3\u00aa temporadas<\/li>\n<\/ul>\n<p><strong>Livros<\/strong><\/p>\n<ul>\n<li>O Filho Eterno<\/li>\n<li>A Casa de Papel<\/li>\n<li>Extremamente Alto e Incrivelmente Perto<\/li>\n<li>Por Favor Cuide da Mam\u00e3e<\/li>\n<li>Frango com Ameixas<\/li>\n<li>Nas tuas M\u00e3os<\/li>\n<\/ul>\n<div>\u00e2\u2122\u00ab <a href=\"http:\/\/letras.terra.com.br\/adriana-calcanhotto\/73380\/\" target=\"_blank\" rel=\"noopener\">Abril. Adriana Calcanhoto<\/a><\/div>\n<div id=\"-chrome-auto-translate-plugin-dialog\" style=\"opacity: 1 !important; background-image: initial !important; background-attachment: initial !important; background-origin: initial !important; background-clip: initial !important; background-color: transparent !important; position: absolute !important; top: 0; left: 0; overflow-x: visible !important; overflow-y: visible !important; z-index: 999999 !important; text-align: left !important; display: none; background-position: initial initial !important; background-repeat: initial initial !important; padding: 0!important; margin: 0!important;\">\n<div style=\"max-width: 300px !important; color: #fafafa !important; opacity: .8 !important; border-color: #000000!important; border-width: 0!important; -webkit-border-radius: 10px !important; background-color: #363636 !important; font-size: 16px !important; padding: 8px!important; overflow: visible !important; background-image: -webkit-gradient(linear,left top,right bottom,color-stop(0%,#000),color-stop(50%,#363636),color-stop(100%,#000)); z-index: 999999 !important; text-align: left !important;\"><\/div>\n<p><img decoding=\"async\" style=\"position: absolute !important; z-index: -1 !important; right: 1px !important; top: -20px !important; cursor: pointer !important; -webkit-border-radius: 20px; background-color: rgba(200,200,200,0.3) !important; padding: 3px 5px 0!important; margin: 0!important;\" src=\"http:\/\/www.google.com\/uds\/css\/small-logo.png\" alt=\"\" \/>\n<\/div>\n<p>&nbsp;<\/p>\n<div id=\"-chrome-auto-translate-plugin-dialog\" style=\"display: none; opacity: 1 !important; border-color: none!important; background: transparent !important; padding: 0!important; margin: 0!important; position: absolute !important; top: 0; left: 0; overflow: visible !important; z-index: 999999 !important; text-align: left !important;\">\n<div style=\"max-width: 300px !important; color: #fafafa !important; opacity: .8 !important; border-color: #000000!important; border-width: 0!important; -webkit-border-radius: 10px !important; background-color: #363636 !important; font-size: 16px !important; padding: 8px!important; overflow: visible !important; background-image: -webkit-gradient(linear,left top,right bottom,color-stop(0%,#000),color-stop(50%,#363636),color-stop(100%,#000)); z-index: 999999 !important; text-align: left !important;\"><\/div>\n<p><img decoding=\"async\" style=\"position: absolute !important; z-index: -1 !important; right: 1px !important; top: -20px !important; cursor: pointer !important; -webkit-border-radius: 20px; background-color: rgba(200,200,200,0.3) !important; padding: 3px 5px 0!important; margin: 0!important;\" src=\"http:\/\/www.google.com\/uds\/css\/small-logo.png\" alt=\"\" \/>\n<\/div>\n","protected":false},"excerpt":{"rendered":"<p>\u00c9 t\u00e3o bonito quando a gente pisa firme Nessas linhas que est\u00e3o nas palmas de nossas m\u00e3os \u00c9 t\u00e3o bonito quando a gente vai \u00ed\u00a0 vida Nos caminhos onde bate, bem mais forte o cora\u00e7\u00e3o Gonzaguinha ===== Abril O m\u00eas mais louco em muito tempo. Come\u00e7ou com a viagem para S\u00e3o Paulo, que foi maravilhosa. &hellip; <a href=\"https:\/\/nalua.in\/blog\/logo-eu-que-queria-mudar-tudo\/\" class=\"more-link\">Continuar lendo <span class=\"screen-reader-text\">Logo eu que queria mudar tudo<\/span><\/a><\/p>\n","protected":false},"author":1,"featured_media":0,"comment_status":"open","ping_status":"open","sticky":false,"template":"","format":"standard","meta":{"footnotes":""},"categories":[52],"tags":[],"class_list":["post-1648","post","type-post","status-publish","format-standard","hentry","category-mensalinho"],"_links":{"self":[{"href":"https:\/\/nalua.in\/blog\/wp-json\/wp\/v2\/posts\/1648","targetHints":{"allow":["GET"]}}],"collection":[{"href":"https:\/\/nalua.in\/blog\/wp-json\/wp\/v2\/posts"}],"about":[{"href":"https:\/\/nalua.in\/blog\/wp-json\/wp\/v2\/types\/post"}],"author":[{"embeddable":true,"href":"https:\/\/nalua.in\/blog\/wp-json\/wp\/v2\/users\/1"}],"replies":[{"embeddable":true,"href":"https:\/\/nalua.in\/blog\/wp-json\/wp\/v2\/comments?post=1648"}],"version-history":[{"count":0,"href":"https:\/\/nalua.in\/blog\/wp-json\/wp\/v2\/posts\/1648\/revisions"}],"wp:attachment":[{"href":"https:\/\/nalua.in\/blog\/wp-json\/wp\/v2\/media?parent=1648"}],"wp:term":[{"taxonomy":"category","embeddable":true,"href":"https:\/\/nalua.in\/blog\/wp-json\/wp\/v2\/categories?post=1648"},{"taxonomy":"post_tag","embeddable":true,"href":"https:\/\/nalua.in\/blog\/wp-json\/wp\/v2\/tags?post=1648"}],"curies":[{"name":"wp","href":"https:\/\/api.w.org\/{rel}","templated":true}]}}