{"id":1640,"date":"2012-04-01T11:47:42","date_gmt":"2012-04-01T13:47:42","guid":{"rendered":"http:\/\/levezadoser.blog.br\/?p=1640"},"modified":"2012-04-01T11:47:42","modified_gmt":"2012-04-01T13:47:42","slug":"aquele-abraco","status":"publish","type":"post","link":"https:\/\/nalua.in\/blog\/aquele-abraco\/","title":{"rendered":"Aquele Abra\u00e7o"},"content":{"rendered":"<p style=\"text-align: center;\"><a href=\"http:\/\/nalu.files.wordpress.com\/2012\/04\/whatif.jpg\"><img loading=\"lazy\" decoding=\"async\" class=\"alignleft size-medium wp-image-1641\" style=\"margin: 5px;\" title=\"whatif\" src=\"http:\/\/nalu.files.wordpress.com\/2012\/04\/whatif.jpg\" alt=\"\" width=\"300\" height=\"199\" \/><\/a><em><strong>Uma grama de a\u00e7\u00e3o vale uma tonelada de teoria<\/strong><\/em><\/p>\n<p style=\"text-align: center;\"><em><strong>Engels<\/strong><\/em><\/p>\n<p style=\"text-align: center;\">=====<\/p>\n<p>&nbsp;<br \/>\n&nbsp;<\/p>\n<p style=\"text-align: justify;\">O que dizer de mar\u00e7o? Nossa, que m\u00eas intermin\u00e1vel. Cheio de not\u00ed\u00adcias que n\u00e3o foram boas, opera\u00e7\u00e3o da minha m\u00e3e, problemas no trabalho, MUITOS planos n\u00e3o concretizados, conversas ruins. Falta de for\u00e7a. Muito tempo em casa. Ainda bem que passou, acho que \u00e9 isso. Foi um m\u00eas pobre, parado, abafado. N\u00e3o fiz nada, me diverti muito pouco. Sensa\u00e7\u00e3o de estar presa no mesmo lugar, n\u00e3o avancei em nada. Bom, mas acabou. Ufa.<\/p>\n<p><span style=\"text-decoration: underline;\"><strong>\u00c2\u00a0Mar\u00e7o.<\/strong><\/span><br \/>\nAcontecimentos<!--more--><\/p>\n<ul>\n<li>Confraria<\/li>\n<\/ul>\n<p>Filmes<\/p>\n<ul>\n<li>Pers\u00e9polis<\/li>\n<li>Inc\u00eandios<\/li>\n<li>Medianeras<\/li>\n<li>Nome de Fam\u00ed\u00adlia<\/li>\n<li>Um AmorVerdadeiro<\/li>\n<\/ul>\n<p>Livros<\/p>\n<ul>\n<li>Marina<\/li>\n<li>La Suma de Los Dias<\/li>\n<li>Trem Noturno Para Lisboa (relendo)<\/li>\n<li>Las Brujas No Se Quejan<\/li>\n<li>Sonhei que a Neve Fervia<\/li>\n<\/ul>\n<div>\u00e2\u2122\u00ab <a href=\"http:\/\/letras.terra.com.br\/gilberto-gil\/16138\/\" target=\"_blank\" rel=\"noopener\">Aquele abra\u00e7o.<\/a><\/div>\n<div id=\"-chrome-auto-translate-plugin-dialog\" style=\"opacity: 1 !important; background-image: initial !important; background-attachment: initial !important; background-origin: initial !important; background-clip: initial !important; background-color: transparent !important; position: absolute !important; top: 0; left: 0; overflow-x: visible !important; overflow-y: visible !important; z-index: 999999 !important; text-align: left !important; display: none; background-position: initial initial !important; background-repeat: initial initial !important; padding: 0!important; margin: 0!important;\">\n<div style=\"max-width: 300px !important; color: #fafafa !important; opacity: .8 !important; border-color: #000000!important; border-width: 0!important; -webkit-border-radius: 10px !important; background-color: #363636 !important; font-size: 16px !important; padding: 8px!important; overflow: visible !important; background-image: -webkit-gradient(linear,left top,right bottom,color-stop(0%,#000),color-stop(50%,#363636),color-stop(100%,#000)); z-index: 999999 !important; text-align: left !important;\"><\/div>\n<p><img decoding=\"async\" style=\"position: absolute !important; z-index: -1 !important; right: 1px !important; top: -20px !important; cursor: pointer !important; -webkit-border-radius: 20px; background-color: rgba(200,200,200,0.3) !important; padding: 3px 5px 0!important; margin: 0!important;\" src=\"http:\/\/www.google.com\/uds\/css\/small-logo.png\" alt=\"\" \/>\n<\/div>\n","protected":false},"excerpt":{"rendered":"<p>Uma grama de a\u00e7\u00e3o vale uma tonelada de teoria Engels ===== &nbsp; &nbsp; O que dizer de mar\u00e7o? Nossa, que m\u00eas intermin\u00e1vel. Cheio de not\u00ed\u00adcias que n\u00e3o foram boas, opera\u00e7\u00e3o da minha m\u00e3e, problemas no trabalho, MUITOS planos n\u00e3o concretizados, conversas ruins. Falta de for\u00e7a. Muito tempo em casa. Ainda bem que passou, acho que &hellip; <a href=\"https:\/\/nalua.in\/blog\/aquele-abraco\/\" class=\"more-link\">Continuar lendo <span class=\"screen-reader-text\">Aquele Abra\u00e7o<\/span><\/a><\/p>\n","protected":false},"author":1,"featured_media":0,"comment_status":"open","ping_status":"open","sticky":false,"template":"","format":"standard","meta":{"footnotes":""},"categories":[52],"tags":[],"class_list":["post-1640","post","type-post","status-publish","format-standard","hentry","category-mensalinho"],"_links":{"self":[{"href":"https:\/\/nalua.in\/blog\/wp-json\/wp\/v2\/posts\/1640","targetHints":{"allow":["GET"]}}],"collection":[{"href":"https:\/\/nalua.in\/blog\/wp-json\/wp\/v2\/posts"}],"about":[{"href":"https:\/\/nalua.in\/blog\/wp-json\/wp\/v2\/types\/post"}],"author":[{"embeddable":true,"href":"https:\/\/nalua.in\/blog\/wp-json\/wp\/v2\/users\/1"}],"replies":[{"embeddable":true,"href":"https:\/\/nalua.in\/blog\/wp-json\/wp\/v2\/comments?post=1640"}],"version-history":[{"count":0,"href":"https:\/\/nalua.in\/blog\/wp-json\/wp\/v2\/posts\/1640\/revisions"}],"wp:attachment":[{"href":"https:\/\/nalua.in\/blog\/wp-json\/wp\/v2\/media?parent=1640"}],"wp:term":[{"taxonomy":"category","embeddable":true,"href":"https:\/\/nalua.in\/blog\/wp-json\/wp\/v2\/categories?post=1640"},{"taxonomy":"post_tag","embeddable":true,"href":"https:\/\/nalua.in\/blog\/wp-json\/wp\/v2\/tags?post=1640"}],"curies":[{"name":"wp","href":"https:\/\/api.w.org\/{rel}","templated":true}]}}