{"id":163,"date":"2007-02-16T16:32:00","date_gmt":"2007-02-16T19:32:00","guid":{"rendered":"http:\/\/nalu.in\/163"},"modified":"2007-02-16T16:32:00","modified_gmt":"2007-02-16T19:32:00","slug":"abre-alas-que-eu-nao-vou-passar","status":"publish","type":"post","link":"https:\/\/nalua.in\/blog\/abre-alas-que-eu-nao-vou-passar\/","title":{"rendered":"abre-alas que eu vou ficar"},"content":{"rendered":"<div style=\"text-align: justify;\">\n<a href=\"http:\/\/nalu.in\/wp-content\/uploads\/2007\/02\/9391546768_a29bb22d05_o.jpg\"><img loading=\"lazy\" decoding=\"async\" class=\"alignleft  wp-image-2217\" src=\"http:\/\/nalu.in\/wp-content\/uploads\/2007\/02\/9391546768_a29bb22d05_o-715x1024.jpg\" alt=\"9391546768_a29bb22d05_o\" width=\"198\" height=\"283\" srcset=\"https:\/\/nalua.in\/blog\/wp-content\/uploads\/2007\/02\/9391546768_a29bb22d05_o-715x1024.jpg 715w, https:\/\/nalua.in\/blog\/wp-content\/uploads\/2007\/02\/9391546768_a29bb22d05_o-210x300.jpg 210w, https:\/\/nalua.in\/blog\/wp-content\/uploads\/2007\/02\/9391546768_a29bb22d05_o-768x1099.jpg 768w, https:\/\/nalua.in\/blog\/wp-content\/uploads\/2007\/02\/9391546768_a29bb22d05_o-1073x1536.jpg 1073w, https:\/\/nalua.in\/blog\/wp-content\/uploads\/2007\/02\/9391546768_a29bb22d05_o-1431x2048.jpg 1431w, https:\/\/nalua.in\/blog\/wp-content\/uploads\/2007\/02\/9391546768_a29bb22d05_o-scaled.jpg 1789w\" sizes=\"auto, (max-width: 198px) 100vw, 198px\" \/><\/a>Outros tempos (beeeeeeeem long\u00ed\u00adnquos, tipo s\u00e9culo passado) e eu achava que passar carnaval em bh era sinal de fracasso. Hoje acho isso muito engra\u00e7ado e fico t\u00e3o, mas t\u00e3o feliz de poder ficar em casa, sossegadinha da silva! \u00c9 o para\u00ed\u00adso pra mim.<\/div>\n<p style=\"text-align: justify;\">Dias sem que a minha coleira eletr\u00f4nica apite, sem press\u00e3o de <del>tortura<\/del> trabalho, com tempo pra ler e ver filmes. Essa \u00e9 minha vis\u00e3o de para\u00ed\u00adso atual.<\/p>\n<p style=\"text-align: justify;\">Quando penso que eu passava <span style=\"text-decoration: underline;\">todos<\/span> os carnavais em ouro preto, porto seguro e outros lugares t\u00e3o cheios de gente quanto eu fico impressionada com a vida e suas viravoltas. E com o pique da juventude.<\/p>\n<p style=\"text-align: justify;\">Tudo que eu n\u00e3o quero \u00e9 lugar cheio de gente. Gente me enjoa mais hoje em dia. Mais que o tanto de cerveja que eu tomava. E vou contar, eu bebia que nem gente grande. O curioso \u00e9 que bebida foi se apagando t\u00e3o aos poucos pra mim que eu tenho que fazer for\u00e7a pra lembrar que bebi um dia na vida. Nem vinho hoje. Porque vinho me d\u00e1 dor de cabe\u00e7a. Sempre deu.<\/p>\n<p style=\"text-align: justify;\">===<\/p>\n<p style=\"text-align: justify;\">Na foto a\u00ed\u00ad \u00e9 o meu pequeno eu. Em outros carnavais. Nem t\u00e3o badalados nem t\u00e3o sossegados.<\/p>\n<p style=\"text-align: justify;\">===<\/p>\n<p style=\"text-align: justify;\">Hoje aconteceu uma coisa inesparada. (ato falho ) Eu fui aplaudida. Nunquinha eu esperava uma coisa dessas na vida. Foi por um motivo <del>bem bobinho<\/del>, mas foi t\u00e3o inesperado que eu devo ter ficado vermelha. Pelo menos meu rosto queimou.<\/p>\n<p style=\"text-align: justify;\">===<\/p>\n<p style=\"text-align: justify;\">Tat\u00e1 foi fantasiado de palhacinho na escola. O palha\u00e7o mais lindo do mundo, \u00f3bvio. Primeiro carnaval dele na escola. ali\u00e1s primeiro carnaval mesmo, que os outros ele n\u00e3o se deu conta.<\/p>\n<p style=\"text-align: justify;\">===<\/p>\n<p style=\"text-align: justify;\">Um \u00f3timo carnaval pra todo mundo.<\/p>\n","protected":false},"excerpt":{"rendered":"<p>Outros tempos (beeeeeeeem long\u00ed\u00adnquos, tipo s\u00e9culo passado) e eu achava que passar carnaval em bh era sinal de fracasso. Hoje acho isso muito engra\u00e7ado e fico t\u00e3o, mas t\u00e3o feliz de poder ficar em casa, sossegadinha da silva! \u00c9 o para\u00ed\u00adso pra mim. Dias sem que a minha coleira eletr\u00f4nica apite, sem press\u00e3o de tortura &hellip; <a href=\"https:\/\/nalua.in\/blog\/abre-alas-que-eu-nao-vou-passar\/\" class=\"more-link\">Continuar lendo <span class=\"screen-reader-text\">abre-alas que eu vou ficar<\/span><\/a><\/p>\n","protected":false},"author":1,"featured_media":0,"comment_status":"open","ping_status":"open","sticky":false,"template":"","format":"standard","meta":{"footnotes":""},"categories":[86],"tags":[],"class_list":["post-163","post","type-post","status-publish","format-standard","hentry","category-me-myself-an-i"],"_links":{"self":[{"href":"https:\/\/nalua.in\/blog\/wp-json\/wp\/v2\/posts\/163","targetHints":{"allow":["GET"]}}],"collection":[{"href":"https:\/\/nalua.in\/blog\/wp-json\/wp\/v2\/posts"}],"about":[{"href":"https:\/\/nalua.in\/blog\/wp-json\/wp\/v2\/types\/post"}],"author":[{"embeddable":true,"href":"https:\/\/nalua.in\/blog\/wp-json\/wp\/v2\/users\/1"}],"replies":[{"embeddable":true,"href":"https:\/\/nalua.in\/blog\/wp-json\/wp\/v2\/comments?post=163"}],"version-history":[{"count":0,"href":"https:\/\/nalua.in\/blog\/wp-json\/wp\/v2\/posts\/163\/revisions"}],"wp:attachment":[{"href":"https:\/\/nalua.in\/blog\/wp-json\/wp\/v2\/media?parent=163"}],"wp:term":[{"taxonomy":"category","embeddable":true,"href":"https:\/\/nalua.in\/blog\/wp-json\/wp\/v2\/categories?post=163"},{"taxonomy":"post_tag","embeddable":true,"href":"https:\/\/nalua.in\/blog\/wp-json\/wp\/v2\/tags?post=163"}],"curies":[{"name":"wp","href":"https:\/\/api.w.org\/{rel}","templated":true}]}}