{"id":146,"date":"2007-01-08T16:08:29","date_gmt":"2007-01-08T19:08:29","guid":{"rendered":"http:\/\/nalu.in\/146"},"modified":"2007-01-08T16:08:29","modified_gmt":"2007-01-08T19:08:29","slug":"mania-de-perseguicao","status":"publish","type":"post","link":"https:\/\/nalua.in\/blog\/mania-de-perseguicao\/","title":{"rendered":"mania de persegui\u00e7\u00e3o"},"content":{"rendered":"<p><a href=\"http:\/\/nalu.in\/wp-content\/uploads\/2007\/01\/1166208532_f.jpg\"><img loading=\"lazy\" decoding=\"async\" class=\"wp-image-2202 alignright\" src=\"http:\/\/nalu.in\/wp-content\/uploads\/2007\/01\/1166208532_f.jpg\" alt=\"1166208532_f\" width=\"166\" height=\"207\" srcset=\"https:\/\/nalua.in\/blog\/wp-content\/uploads\/2007\/01\/1166208532_f.jpg 401w, https:\/\/nalua.in\/blog\/wp-content\/uploads\/2007\/01\/1166208532_f-241x300.jpg 241w\" sizes=\"auto, (max-width: 166px) 100vw, 166px\" \/><\/a>Um n\u00famero bastante alto de blogs onde eu comento fechou (em uns poucos dias). Outro n\u00famero bem significativo (para um espa\u00e7o t\u00e3o curto de tempo) retirou posts em que eu fiz coment\u00e1rios (um deles retirou 3 posts, coincidentemente os que eu tinha comentado). Outro tanto fechou e abriu outro e me tirou dos links. Ser\u00e1 que eu andei sendo ofensiva com algu\u00e9m? Ou invasiva? Sei que n\u00e3o.<\/p>\n<p style=\"text-align: justify;\">Sou s\u00f3 eu achando que o mundo gira ao redor do meu umbigo. Del\u00ed\u00adrios. Achei estranha e engra\u00e7ada a coincid\u00eancia. Pelo curto (muito curto) espa\u00e7o de tempo. Porque blogs abrem e fecham toda hora, ainda mais essa \u00e9poca do ano. Eu mesma fechei um dias atr\u00e1s. Podia mencionar aqui quais foram os blogs normais e da blogosfera light, mas claro que n\u00e3o vou. Agora que foram muitos foram. Passou de uma dezena. Foi esquisito. N\u00e3o pude deixar de notar.<\/p>\n","protected":false},"excerpt":{"rendered":"<p>Um n\u00famero bastante alto de blogs onde eu comento fechou (em uns poucos dias). Outro n\u00famero bem significativo (para um espa\u00e7o t\u00e3o curto de tempo) retirou posts em que eu fiz coment\u00e1rios (um deles retirou 3 posts, coincidentemente os que eu tinha comentado). Outro tanto fechou e abriu outro e me tirou dos links. Ser\u00e1 &hellip; <a href=\"https:\/\/nalua.in\/blog\/mania-de-perseguicao\/\" class=\"more-link\">Continuar lendo <span class=\"screen-reader-text\">mania de persegui\u00e7\u00e3o<\/span><\/a><\/p>\n","protected":false},"author":1,"featured_media":0,"comment_status":"open","ping_status":"open","sticky":false,"template":"","format":"standard","meta":{"footnotes":""},"categories":[86],"tags":[],"class_list":["post-146","post","type-post","status-publish","format-standard","hentry","category-me-myself-an-i"],"_links":{"self":[{"href":"https:\/\/nalua.in\/blog\/wp-json\/wp\/v2\/posts\/146","targetHints":{"allow":["GET"]}}],"collection":[{"href":"https:\/\/nalua.in\/blog\/wp-json\/wp\/v2\/posts"}],"about":[{"href":"https:\/\/nalua.in\/blog\/wp-json\/wp\/v2\/types\/post"}],"author":[{"embeddable":true,"href":"https:\/\/nalua.in\/blog\/wp-json\/wp\/v2\/users\/1"}],"replies":[{"embeddable":true,"href":"https:\/\/nalua.in\/blog\/wp-json\/wp\/v2\/comments?post=146"}],"version-history":[{"count":0,"href":"https:\/\/nalua.in\/blog\/wp-json\/wp\/v2\/posts\/146\/revisions"}],"wp:attachment":[{"href":"https:\/\/nalua.in\/blog\/wp-json\/wp\/v2\/media?parent=146"}],"wp:term":[{"taxonomy":"category","embeddable":true,"href":"https:\/\/nalua.in\/blog\/wp-json\/wp\/v2\/categories?post=146"},{"taxonomy":"post_tag","embeddable":true,"href":"https:\/\/nalua.in\/blog\/wp-json\/wp\/v2\/tags?post=146"}],"curies":[{"name":"wp","href":"https:\/\/api.w.org\/{rel}","templated":true}]}}