{"id":1397,"date":"2010-05-16T15:07:12","date_gmt":"2010-05-16T18:07:12","guid":{"rendered":"http:\/\/nalu.in\/904"},"modified":"2010-05-16T15:07:12","modified_gmt":"2010-05-16T18:07:12","slug":"na-cova-da-iria-2","status":"publish","type":"post","link":"https:\/\/nalua.in\/blog\/na-cova-da-iria-2\/","title":{"rendered":"Na Cova da Iria"},"content":{"rendered":"<p style=\"text-align:center;\"><span style=\"font-size:1.2em;\"><em><img loading=\"lazy\" decoding=\"async\" width=\"300\" height=\"231\" src=\"http:\/\/nalu.blog.br\/imagens\/leveza\/weall.jpg\" \/><\/em><\/span><\/p>\n<p style=\"text-align:center;\"><em>&#8220;Para saber quem somos, basta que se observe o que fazemos da nossa vida. Os fatos revelam tudo, as atitudes confirmam. O que voc\u00ea diz, com todo respeito, \u00e9 apenas o que voc\u00ea diz.&#8221;<\/em><\/p>\n<p style=\"text-align:center;\">Martha Medeiros<\/p>\n<p style=\"text-align:center;\">=====<\/p>\n<p><\/p>\n<p style=\"text-align:justify;\">Essa semana significou pra mim o fim de uma era. Dia 13, mais especificamente. Dia 13 de maio.<\/p>\n<blockquote style=\"margin-right:0;\">\n<p style=\"text-align:justify;\"><em><strong>13 de maio<\/strong> \u00e9 o 133\u00c2\u00ba dia do ano no<\/em> <a href=\"http:\/\/pt.wikipedia.org\/wiki\/Calend%C3%A1rio_gregoriano\" title=\"Calend\u00e1rio gregoriano\"><em>calend\u00e1rio gregoriano<\/em><\/a> <em>(134\u00c2\u00ba em<\/em> <a href=\"http:\/\/pt.wikipedia.org\/wiki\/Ano_bissexto\" title=\"Ano bissexto\"><em>anos bissextos<\/em><\/a><em>). Faltam 232 para acabar o ano.<\/em><\/p>\n<p style=\"text-align:justify;\"><em>O 13 de maio, por tratar-se do 133\u00c2\u00ba dia do ano \u00e9 considerado pelas ordens secretas, esot\u00e9ricas, filos\u00f3ficas e m\u00ed\u00adsticas como sendo uma propor\u00e7\u00e3o \u00e1urea do ano.<\/em><\/p>\n<p style=\"text-align:justify;\"><em>Da Wikipedia<\/em><\/p>\n<p style=\"text-align:center;\">=====<\/p>\n<\/blockquote>\n<p style=\"text-align:justify;margin-right:0;\" dir=\"ltr\">Acabou-se o p\u00f3s parto. A amamenta\u00e7\u00e3o chega nos finalmentes, bebezuco j\u00e1 come outros sabores. Foi a \u00faltima semana de licen\u00e7a maternidade.<\/p>\n<p style=\"text-align:justify;margin-right:0;\" dir=\"ltr\">.<br \/>Dia da lei \u00e1urea, da apari\u00e7\u00e3<span class=\"il\">o<\/span> <span class=\"il\">de<\/span> F\u00e1tima que muitas vezes \u00e9 associada \u00ed\u00a0 Oxum, <span class=\"il\">de<\/span> quem (acho que) sou filha. Dia da luna\u00e7\u00e3<span class=\"il\">o<\/span> <span class=\"il\">de<\/span> touro, que ajuda na colheita.<br \/>Nesse dia Baby pesou 8 quilos e mediu 69 cm&#8230; hohohohoho <span class=\"il\">o<\/span>\/<\/p>\n<p style=\"text-align:justify;margin-right:0;\" dir=\"ltr\">.<\/p>\n<p style=\"text-align:justify;margin-right:0;\" dir=\"ltr\">A felicidade \u00e9 porque tive muito, muito muito problema na amamenta\u00e7\u00e3o, mais do que seria esperado, e mesmo assim cheguei at\u00e9 os seis meses amamentando, com uma super batalha. E felicidade porque ele demorou muito, muito a ganhar peso, chegou a perder peso e toda vez que volt\u00e1vamos s\u00f3 ao leite materno ele emagrecia, e muito. Custou a entrar na curva, mas agora entrou e t\u00e1 s\u00f3 subindo. T\u00e1 otimo, um lindo, um fofo hohoho.<\/p>\n<p style=\"text-align:justify;margin-right:0;\" dir=\"ltr\">.<br \/>\u00c9 <span class=\"il\">o<\/span> <span class=\"il\">fim<\/span> <span class=\"il\">de<\/span> um ciclo pra mim&#8230; <span class=\"il\">fim<\/span> <span class=\"il\">de<\/span> jornada mesmo. Da gravidez que foi uma loucura. Do parto, outra loucura maravilhosa. Fim de 11 meses de licen\u00e7a, onze meses em casa, descansando a cabe\u00e7a de um trabalho que pode ser t\u00e3o cruel. Onze meses me dedicando \u00ed\u00a0 maternidade e \u00ed\u00a0 parte mulher m\u00e3e, desenvolvendo a parte mulher-Dem\u00e9ter.<\/p>\n<p style=\"text-align:justify;margin-right:0;\" dir=\"ltr\">.<\/p>\n<p style=\"text-align:justify;margin-right:0;\" dir=\"ltr\">Fim porque eu n\u00e3o vou mais ter filhos, n\u00e3o vou mais engravidar, n\u00e3o vou mais amamentar. Pelo menos n\u00e3o planejo mais isso. At\u00e9 tenho sim o desejo, mas a vida pratica n\u00e3o comporta mais uma gravidez.<\/p>\n<p style=\"text-align:justify;margin-right:0;\" dir=\"ltr\">.<\/p>\n<p style=\"text-align:justify;margin-right:0;\" dir=\"ltr\">E tamb\u00e9m \u00e9 uma \u00e9poca em que nunca pesei tanto. Nunca fui t\u00e3o gorda. E nunca me desagradou tanto ser assim. Nunca achei tr\u00e3o fortemente que isso n\u00e3o combina mais comigo, com o que eu estou vivendo. Por isso tamb\u00e9m voltei ao Vigilantes do peso, espero emagrecer bem desta vez. Espero chegar num patamar saud\u00e1vel e que eu possa sustentar. Por isso n\u00e3o coloquei meta de voltar a ser peso normal, manquim 40.. eu acho que sempre vou ser mais cheia, pq gosto de comer, e pra comer mais, eu n\u00e3o posso ser magrinha. Mas poss ter um peso em melhor, posso baixar uns belos numeros a\u00ed\u00ad o manequim.<\/p>\n<p style=\"text-align:justify;margin-right:0;\" dir=\"ltr\">.<\/p>\n<p style=\"text-align:justify;margin-right:0;\" dir=\"ltr\">Por isso estou de volta ao maravilhoso mundo das dietas, por isso escrevo outra vez, porque vou encarar mais uma vez esse desafio, j\u00e1 \u00e9 hora. N\u00e3o combino mais com isso, essa etapa ficou pra tr\u00e1s. Espero traduzir no corpo, o que na cabe\u00e7a j\u00e1 est\u00e1 resolvido. E resolver na cabe\u00e7a a parte de n\u00e3o maltratar o corpo.<\/p>\n<p style=\"text-align:justify;margin-right:0;\" dir=\"ltr\">.<\/p>\n<p style=\"text-align:justify;margin-right:0;\" dir=\"ltr\">Desejem-me sorte.<\/p>\n<p style=\"text-align:justify;margin-right:0;\" dir=\"ltr\">.<\/p>\n<p style=\"text-align:justify;margin-right:0;\" dir=\"ltr\">Esse post \u00e9 do Leveza do Ser<\/p>\n<p><\/p>\n","protected":false},"excerpt":{"rendered":"<p>&#8220;Para saber quem somos, basta que se observe o que fazemos da nossa vida. Os fatos revelam tudo, as atitudes confirmam. O que voc\u00ea diz, com todo respeito, \u00e9 apenas o que voc\u00ea diz.&#8221; Martha Medeiros ===== Essa semana significou pra mim o fim de uma era. Dia 13, mais especificamente. Dia 13 de maio. &hellip; <a href=\"https:\/\/nalua.in\/blog\/na-cova-da-iria-2\/\" class=\"more-link\">Continuar lendo <span class=\"screen-reader-text\">Na Cova da Iria<\/span><\/a><\/p>\n","protected":false},"author":1,"featured_media":0,"comment_status":"open","ping_status":"open","sticky":false,"template":"","format":"standard","meta":{"footnotes":""},"categories":[40],"tags":[],"class_list":["post-1397","post","type-post","status-publish","format-standard","hentry","category-leveza"],"_links":{"self":[{"href":"https:\/\/nalua.in\/blog\/wp-json\/wp\/v2\/posts\/1397","targetHints":{"allow":["GET"]}}],"collection":[{"href":"https:\/\/nalua.in\/blog\/wp-json\/wp\/v2\/posts"}],"about":[{"href":"https:\/\/nalua.in\/blog\/wp-json\/wp\/v2\/types\/post"}],"author":[{"embeddable":true,"href":"https:\/\/nalua.in\/blog\/wp-json\/wp\/v2\/users\/1"}],"replies":[{"embeddable":true,"href":"https:\/\/nalua.in\/blog\/wp-json\/wp\/v2\/comments?post=1397"}],"version-history":[{"count":0,"href":"https:\/\/nalua.in\/blog\/wp-json\/wp\/v2\/posts\/1397\/revisions"}],"wp:attachment":[{"href":"https:\/\/nalua.in\/blog\/wp-json\/wp\/v2\/media?parent=1397"}],"wp:term":[{"taxonomy":"category","embeddable":true,"href":"https:\/\/nalua.in\/blog\/wp-json\/wp\/v2\/categories?post=1397"},{"taxonomy":"post_tag","embeddable":true,"href":"https:\/\/nalua.in\/blog\/wp-json\/wp\/v2\/tags?post=1397"}],"curies":[{"name":"wp","href":"https:\/\/api.w.org\/{rel}","templated":true}]}}