{"id":1389,"date":"2010-02-06T19:19:10","date_gmt":"2010-02-06T22:19:10","guid":{"rendered":"http:\/\/nalu.in\/881"},"modified":"2010-02-06T19:19:10","modified_gmt":"2010-02-06T22:19:10","slug":"quando-o-sol-bater-na-janela-2","status":"publish","type":"post","link":"https:\/\/nalua.in\/blog\/quando-o-sol-bater-na-janela-2\/","title":{"rendered":"Quando o sol bater na janela"},"content":{"rendered":"<p style=\"text-align:center;\"><em><img loading=\"lazy\" decoding=\"async\" width=\"300\" height=\"437\" src=\"http:\/\/nalu.blog.br\/imagens\/leveza\/colorfatpridep.jpg\" \/><\/em><\/p>\n<p style=\"text-align:center;\"><em><strong>S\u00f3 h\u00e1 um ponto fixo: A nossa pr\u00f3pria insufici\u00eancia. E da\u00ed\u00ad \u00e9 que precisamos partir<\/strong><\/em><\/p>\n<p style=\"text-align:center;\">.<\/p>\n<p style=\"text-align:center;\"><em><strong>Franz Kafka<\/strong><\/em><\/p>\n<p style=\"text-align:center;\">.<\/p>\n<p style=\"text-align:center;\"><strong><em>=====<\/em><\/strong><\/p>\n<p><\/p>\n<p style=\"text-align:justify;\">Ent\u00e3o que hoje eu arrumei (quase) tudo pra come\u00e7ar. E acordei ced\u00e3o, (n\u00e3o por vontade minha, mas do baby) e fiz um caf\u00e9 da manh\u00e3 de acordo com os pontos e achei que ia ser feliz. Porque ontem eu senti minhas for\u00e7as renovadas, eu quero acabar de vez com essa disritmia. Disritmia entre cabe\u00e7a e corpo, entre desejo e a\u00e7\u00e3o. Ou ser\u00e1 vontade? Eu desejo o que quero? De onde vim?<\/p>\n<p style=\"text-align:justify;\">.<\/p>\n<p style=\"text-align:justify;\">Eu n\u00e3o caibo mais nesse corpo e nem essas atitudes cabem mais em mim. eu vi um outro lado, provei e gostei. Muito, agora quero trazer isso pro emagrecimento. Como sabemos n\u00f3s e a torcida da sele\u00e7\u00e3o, n\u00e3o \u00e9 f\u00e1cil.<\/p>\n<p style=\"text-align:justify;\">.<\/p>\n<p style=\"text-align:justify;\">Bom, o fato \u00e9 que, a\u00ed\u00ad minha m\u00e3e fez almo\u00e7o (todo s\u00e1bado minha m\u00e3e faz quest\u00e3o que almocemos com ela, o que nem sempre \u00e9 legal) e fez pir\u00e3o e fez frango. E eu n\u00e3o sei os pontos de pir\u00e3o, nem os pontos de pele de frango que \u00e9 a \u00fanica parte do frango que eu realmente gosto. Ai desandou um pouco. N\u00e3o no sentido de comer demais, que eu realmente n\u00e3o comi, mas no sentido de ficar perdida. Agora n\u00e3o vou come\u00e7ar a anotar hoje por causa desse detalhe. Deveria? Talvez, n\u00e3o sei&#8230;<\/p>\n<p style=\"text-align:justify;\">.<\/p>\n<p style=\"text-align:justify;\">O que sei \u00e9 que queria come\u00e7ar outro blog. Ou zerar esse, n\u00e3o sei. Queria dar <em>refresh<\/em>, come\u00e7ar tudo de novo, zerar. Ano passado e ano retrasado foram anos t\u00e3o decisivos pra mim, e eu ainda estou sob o efeito de tudo que aconteceu. Mas adoro o nome desse blog. Apesar dele estar em vigor desde 2006 e n\u00e3o ter se concretizado seu objetivo ainda.<\/p>\n<p style=\"text-align:justify;\">.<\/p>\n<p><\/p>\n<p style=\"text-align:justify;\"><span style=\"font-size:.75em;\">Figura creative commons <a href=\"http:\/\/www.flickr.com\/photos\/juliastarkey\/2579838360\/\">daqui<\/a><\/span><\/p>\n<p style=\"text-align:justify;\">Este post \u00e9 do <a href=\"http:\/\/levezadoser.blog.br\/\" target=\"_blank\" rel=\"noopener\">Leveza do Ser<\/a><\/p>\n","protected":false},"excerpt":{"rendered":"<p>S\u00f3 h\u00e1 um ponto fixo: A nossa pr\u00f3pria insufici\u00eancia. E da\u00ed\u00ad \u00e9 que precisamos partir . Franz Kafka . ===== Ent\u00e3o que hoje eu arrumei (quase) tudo pra come\u00e7ar. E acordei ced\u00e3o, (n\u00e3o por vontade minha, mas do baby) e fiz um caf\u00e9 da manh\u00e3 de acordo com os pontos e achei que ia ser &hellip; <a href=\"https:\/\/nalua.in\/blog\/quando-o-sol-bater-na-janela-2\/\" class=\"more-link\">Continuar lendo <span class=\"screen-reader-text\">Quando o sol bater na janela<\/span><\/a><\/p>\n","protected":false},"author":1,"featured_media":0,"comment_status":"open","ping_status":"open","sticky":false,"template":"","format":"standard","meta":{"footnotes":""},"categories":[40],"tags":[],"class_list":["post-1389","post","type-post","status-publish","format-standard","hentry","category-leveza"],"_links":{"self":[{"href":"https:\/\/nalua.in\/blog\/wp-json\/wp\/v2\/posts\/1389","targetHints":{"allow":["GET"]}}],"collection":[{"href":"https:\/\/nalua.in\/blog\/wp-json\/wp\/v2\/posts"}],"about":[{"href":"https:\/\/nalua.in\/blog\/wp-json\/wp\/v2\/types\/post"}],"author":[{"embeddable":true,"href":"https:\/\/nalua.in\/blog\/wp-json\/wp\/v2\/users\/1"}],"replies":[{"embeddable":true,"href":"https:\/\/nalua.in\/blog\/wp-json\/wp\/v2\/comments?post=1389"}],"version-history":[{"count":0,"href":"https:\/\/nalua.in\/blog\/wp-json\/wp\/v2\/posts\/1389\/revisions"}],"wp:attachment":[{"href":"https:\/\/nalua.in\/blog\/wp-json\/wp\/v2\/media?parent=1389"}],"wp:term":[{"taxonomy":"category","embeddable":true,"href":"https:\/\/nalua.in\/blog\/wp-json\/wp\/v2\/categories?post=1389"},{"taxonomy":"post_tag","embeddable":true,"href":"https:\/\/nalua.in\/blog\/wp-json\/wp\/v2\/tags?post=1389"}],"curies":[{"name":"wp","href":"https:\/\/api.w.org\/{rel}","templated":true}]}}