{"id":135,"date":"2006-12-06T18:46:14","date_gmt":"2006-12-06T21:46:14","guid":{"rendered":"http:\/\/nalu.in\/135"},"modified":"2006-12-06T18:46:14","modified_gmt":"2006-12-06T21:46:14","slug":"135","status":"publish","type":"post","link":"https:\/\/nalua.in\/blog\/135\/","title":{"rendered":"gnus"},"content":{"rendered":"<div style=\"TEXT-ALIGN: justify\"><img loading=\"lazy\" decoding=\"async\" src=\"http:\/\/mijnposter.nl\/thumbs\/408\/045s.jpeg\" style=\"BORDER-RIGHT: rgb(0,0,0) 0px solid; BORDER-TOP: rgb(0,0,0) 0px solid; DISPLAY: inline; FLOAT: right; MARGIN-BOTTOM: 10px; MARGIN-LEFT: 10px; BORDER-LEFT: rgb(0,0,0) 0px solid; WIDTH: 273px; BORDER-BOTTOM: rgb(0,0,0) 0px solid; HEIGHT: 138px\" border=\"1\" width=\"273\" height=\"138\"\/>E eu olho a minha vida torta, minha trajet\u00f3ria t\u00e3o bagun\u00e7ada, cheia de curvas e desvios e voltas e reentr\u00e2ncias. E lixos pelo caminho que \u00ed\u00a0s vezes eu acabo voltando pra pegar. J\u00fapiter retr\u00f3grado. mas nem \u00e9 isso. Logo minha trajet\u00f3ria, como meu rosto, t\u00e3o polu\u00ed\u00addo, t\u00e3o carentes da linearidade relaxante. E eu que detesto curvas sinuosas demais, desvios, que gosto tanto das coisas planas, das peles lisas, da claridade, da assepsia.<\/div>\n<div style=\"TEXT-ALIGN: justify\">Queria n\u00e3o ter esse rosto t\u00e3o sujo nem essa trajet\u00f3ria t\u00e3o bagun\u00e7ada. O que eu limpei emocionalmente repercutiu em outras \u00e1reas. O esfor\u00e7o que eu fa\u00e7o cotidianamente para controlar minhas emo\u00e7\u00f5es e atitudes furiosas tem seu pre\u00e7o e \u00ed\u00a0s vezes ele \u00e9 bem alto. O pre\u00e7o do descontrole emocional tamb\u00e9m \u00e9 muito alto, mas eu sufoquei meu impeto criativo, eu sufoquei minha express\u00e3o.<\/div>\n<div style=\"TEXT-ALIGN: justify\">T\u00e1 certo, eu precisava, eu aprendi muita coisa, eu sou um ser humano melhor hoje do que era h\u00e1 alguns anos. Eu acho. Mas preciso encontrar minha produ\u00e7\u00e3o, preciso ver concretudes.<\/div>\n<div style=\"TEXT-ALIGN: justify\">A\u00ed\u00ad entra o lado bom da aus\u00eancia dos antimalucog\u00eanicos. Eu sou perturbada, conturbada, polu\u00ed\u00adda, mas sou mais produtiva. Em compensa\u00e7\u00e3o <del>sou<\/del> (meus pensamentos s\u00e3o) um rebanho totalmente alucinado, um monte de gnus descontrolados.<\/div>\n","protected":false},"excerpt":{"rendered":"<p>E eu olho a minha vida torta, minha trajet\u00f3ria t\u00e3o bagun\u00e7ada, cheia de curvas e desvios e voltas e reentr\u00e2ncias. E lixos pelo caminho que \u00ed\u00a0s vezes eu acabo voltando pra pegar. J\u00fapiter retr\u00f3grado. mas nem \u00e9 isso. Logo minha trajet\u00f3ria, como meu rosto, t\u00e3o polu\u00ed\u00addo, t\u00e3o carentes da linearidade relaxante. E eu que detesto &hellip; <a href=\"https:\/\/nalua.in\/blog\/135\/\" class=\"more-link\">Continuar lendo <span class=\"screen-reader-text\">gnus<\/span><\/a><\/p>\n","protected":false},"author":1,"featured_media":0,"comment_status":"open","ping_status":"open","sticky":false,"template":"","format":"standard","meta":{"footnotes":""},"categories":[86],"tags":[],"class_list":["post-135","post","type-post","status-publish","format-standard","hentry","category-me-myself-an-i"],"_links":{"self":[{"href":"https:\/\/nalua.in\/blog\/wp-json\/wp\/v2\/posts\/135","targetHints":{"allow":["GET"]}}],"collection":[{"href":"https:\/\/nalua.in\/blog\/wp-json\/wp\/v2\/posts"}],"about":[{"href":"https:\/\/nalua.in\/blog\/wp-json\/wp\/v2\/types\/post"}],"author":[{"embeddable":true,"href":"https:\/\/nalua.in\/blog\/wp-json\/wp\/v2\/users\/1"}],"replies":[{"embeddable":true,"href":"https:\/\/nalua.in\/blog\/wp-json\/wp\/v2\/comments?post=135"}],"version-history":[{"count":0,"href":"https:\/\/nalua.in\/blog\/wp-json\/wp\/v2\/posts\/135\/revisions"}],"wp:attachment":[{"href":"https:\/\/nalua.in\/blog\/wp-json\/wp\/v2\/media?parent=135"}],"wp:term":[{"taxonomy":"category","embeddable":true,"href":"https:\/\/nalua.in\/blog\/wp-json\/wp\/v2\/categories?post=135"},{"taxonomy":"post_tag","embeddable":true,"href":"https:\/\/nalua.in\/blog\/wp-json\/wp\/v2\/tags?post=135"}],"curies":[{"name":"wp","href":"https:\/\/api.w.org\/{rel}","templated":true}]}}