{"id":128,"date":"2008-09-07T22:33:15","date_gmt":"2008-09-08T00:33:15","guid":{"rendered":"http:\/\/levezadoser.blog.br\/nos-meus-tempos-de-crianca\/"},"modified":"2008-09-07T22:33:15","modified_gmt":"2008-09-08T00:33:15","slug":"nos-meus-tempos-de-crianca","status":"publish","type":"post","link":"https:\/\/nalua.in\/blog\/nos-meus-tempos-de-crianca\/","title":{"rendered":"nos meus tempos de crian\u00e7a"},"content":{"rendered":"<p><a href=\"http:\/\/farm4.static.flickr.com\/3264\/2836484845_e7197e6b94_o.jpg\" target=\"_blank\" rel=\"noopener\"><img loading=\"lazy\" decoding=\"async\" style=\"margin:0 5px 5px 0;display:inline;float:left;width:276px;height:313px;\" src=\"http:\/\/farm4.static.flickr.com\/3264\/2836484845_e7197e6b94_o.jpg\" alt=\"\" width=\"276\" height=\"313\" \/><\/a><\/p>\n<p style=\"text-align:justify;\">Eu fui uma crian\u00e7a pobre. E como muitas meninas da minha \u00e9poca, eu era apaixonada por artigos de papelaria, que em fins dos anos setenta, come\u00e7o dos oitenta era caro e bastante escasso. Ainda mais que eu morava numa cidade do interior. Mas era tudo inacess\u00ed\u00advel e eu n\u00e3o tive quase nada dessas coisas.<\/p>\n<p style=\"text-align:justify;\">\n<p style=\"text-align:justify;\">Eu cresci, estou envelhecendo e a paix\u00e3o n\u00e3o me deixou. E eu ainda amo qualquer coisa de papelaria, borracha com cheiro, canetas coloridas, adesivos super fofos, tudo. E tenho mais uma esquisitice que \u00e9 ter mania de agenda. Eu tenho muitas agendas, j\u00e1 fiz agenda de uma p\u00e1gina por dia toda manualmente (e ficou linda!). Da\u00ed\u00ad que pra agenda magra foi um pulo. Agora que eu posso, me divirto com canetas, pap\u00e9is, adesivos, tudo muito fofinho e bonitinho e quase.<\/p>\n<p style=\"text-align:justify;\">\n<p style=\"text-align:justify;\">Acho que \u00e9 por isso que eu tenho blog. Quer coisa mais papelaria do que um blog de menina, como s\u00e3o os meus? Por isso adoro ficar mudando a cara (embora isso tamb\u00e9m j\u00e1 tenha enchido um pouco e eu esteja querendo sossegar nestes mesmo), enchendo de frufrus e tal, bem realizando os desejos daquela menina dos anos 70\/80.<\/p>\n<p style=\"text-align:justify;\">\n<p style=\"text-align:justify;\">E eu resolvi ressuscitar a antiga <a href=\"http:\/\/levezadeser.blogspot.com\/2006\/02\/voltando-pr-adolescncia.html\" target=\"_blank\" rel=\"noopener\">agenda<\/a> <a href=\"http:\/\/levezadeser.blogspot.com\/2006\/05\/meu-querido-e-magro-dirio.html\" target=\"_blank\" rel=\"noopener\">magra<\/a> que ainda tem muitas p\u00e1ginas em branco, porque n\u00e3o ajeitei com outra. Eu sei que \u00e9 algo infantil, mas quem disse que eu tenho obriga\u00e7\u00e3o de crescer?<\/p>\n<p style=\"text-align:justify;\">\n<p style=\"text-align:justify;\">E outro dia ganhei da <a href=\"http:\/\/minhasesquisitices.wordpress.com\/\" target=\"_blank\" rel=\"noopener\">Ana<\/a> (Ana, eu nunca te agradeci n\u00e9? Muito obrigada!) uma cestinha fofa, com jeito de crian\u00e7a. Ali\u00e1s, n\u00e3o fui eu quem ganhou, foi o Tat\u00e1, mas ele gentilmente me cedeu. E resolvi colocar na cesta todo o meu material da agenda magra. E cara, como uma coisa t\u00e3o boba pode servir de tanta terapia! Eu adoro a cestinha e adoro ficar ali recortando, colando, preenchendo com carimbos e canetas coloridas a danada da agenda. E coloco sempre pensamentos inspiradores, pra ver se algo entra nessa minha cabe\u00e7a dura. Eu relaxo e me divirto. Ent\u00e3o, essa a\u00ed\u00ad \u00e9 a cesta. Com um monte de coisas dentro, tudo pra brincar de encher agenda.<\/p>\n<p style=\"text-align:justify;\">\n<p>Aqui o que tem dentro da cesta:<br \/>\n<img loading=\"lazy\" decoding=\"async\" style=\"margin:5px 0 5px 5px;display:inline;float:right;\" src=\"http:\/\/farm4.static.flickr.com\/3286\/2837547098_e6e12f14e3.jpg\" alt=\"\" width=\"306\" height=\"231\" \/><br \/>\n1 Estojo com canetas e mais canetas coloridas<br \/>\n2 Saco com carimbos diversos e durex colorido e enfeitado<br \/>\n3 M\u00e1quina fotogr\u00e1fica velha, s\u00f3 pra fotografar pesagens e coisas do blog Leveza<br \/>\n4 Calculadora (pra calcular pontos e etc.<br \/>\n5. A famosa agenda magra<br \/>\n6. O livrinho (na verdade uma velha agenda) de anotar o que eu como. Essa tamb\u00e9m estava abandonada, mas resolvi retomar, porque, sei l\u00e1.<br \/>\n7 Livrinhos do VP<br \/>\n8 Adesivos coloridos<br \/>\n9 Livrinho de motiva\u00e7\u00e3o (um deles).<br \/>\n<img loading=\"lazy\" decoding=\"async\" style=\"margin:5px 5px 0 0;display:inline;float:left;\" src=\"http:\/\/farm4.static.flickr.com\/3205\/2837321050_816a34df36_o.jpg\" alt=\"\" width=\"282\" height=\"406\" \/>Faltam ai tesoura e um saquinho com palavras, frases e etcs. recortados de revistas diversas. E a fita m\u00e9trica.<br \/>\nE os carimbos (outra coisa que eu adoro, carimbos.) Ali\u00e1s eu adoro tudo que tem a ver com o que \u00e9 gr\u00e1fico. Deve ser <a href=\"http:\/\/nalu.in\/193\" target=\"_blank\" rel=\"noopener\">meu passado de monge copista<\/a> hahahaha.<br \/>\nPost meio besta, mas \u00e9 pra me lembrar que eu preciso manter o foco. Preciso estar atenta e n\u00e3o me distrair.<\/p>\n","protected":false},"excerpt":{"rendered":"<p>Eu fui uma crian\u00e7a pobre. E como muitas meninas da minha \u00e9poca, eu era apaixonada por artigos de papelaria, que em fins dos anos setenta, come\u00e7o dos oitenta era caro e bastante escasso. Ainda mais que eu morava numa cidade do interior. Mas era tudo inacess\u00ed\u00advel e eu n\u00e3o tive quase nada dessas coisas. Eu &hellip; <a href=\"https:\/\/nalua.in\/blog\/nos-meus-tempos-de-crianca\/\" class=\"more-link\">Continuar lendo <span class=\"screen-reader-text\">nos meus tempos de crian\u00e7a<\/span><\/a><\/p>\n","protected":false},"author":1,"featured_media":0,"comment_status":"open","ping_status":"open","sticky":false,"template":"","format":"standard","meta":{"footnotes":""},"categories":[1],"tags":[],"class_list":["post-128","post","type-post","status-publish","format-standard","hentry","category-uncategorized"],"_links":{"self":[{"href":"https:\/\/nalua.in\/blog\/wp-json\/wp\/v2\/posts\/128","targetHints":{"allow":["GET"]}}],"collection":[{"href":"https:\/\/nalua.in\/blog\/wp-json\/wp\/v2\/posts"}],"about":[{"href":"https:\/\/nalua.in\/blog\/wp-json\/wp\/v2\/types\/post"}],"author":[{"embeddable":true,"href":"https:\/\/nalua.in\/blog\/wp-json\/wp\/v2\/users\/1"}],"replies":[{"embeddable":true,"href":"https:\/\/nalua.in\/blog\/wp-json\/wp\/v2\/comments?post=128"}],"version-history":[{"count":0,"href":"https:\/\/nalua.in\/blog\/wp-json\/wp\/v2\/posts\/128\/revisions"}],"wp:attachment":[{"href":"https:\/\/nalua.in\/blog\/wp-json\/wp\/v2\/media?parent=128"}],"wp:term":[{"taxonomy":"category","embeddable":true,"href":"https:\/\/nalua.in\/blog\/wp-json\/wp\/v2\/categories?post=128"},{"taxonomy":"post_tag","embeddable":true,"href":"https:\/\/nalua.in\/blog\/wp-json\/wp\/v2\/tags?post=128"}],"curies":[{"name":"wp","href":"https:\/\/api.w.org\/{rel}","templated":true}]}}