{"id":1240,"date":"2003-11-14T19:45:12","date_gmt":"2003-11-14T19:45:12","guid":{"rendered":"http:\/\/nalu.wordpress.com\/?p=1240"},"modified":"2003-11-14T19:45:12","modified_gmt":"2003-11-14T19:45:12","slug":"014","status":"publish","type":"post","link":"https:\/\/nalua.in\/blog\/014\/","title":{"rendered":"014"},"content":{"rendered":"<div id=\"cab\">14.11.03<\/div>\n<p>Colo Vicia?<\/p>\n<p style=\"text-align:justify;\">Um dos grandes questionamentos dos pais, principalmente os de &#8220;primeira viagem&#8221;, \u00e9 se o colo pode &#8220;viciar&#8221; o beb\u00ea. Bem, depois de tanto tempo cuidando de beb\u00eas e participando da rotina de muitas fam\u00ed\u00adlias, gostaria de fazer algumas afirma\u00e7\u00f5es e alguns questionamentos.<br \/>\nNo \u00fatero, o contato do beb\u00ea com o mundo externo est\u00e1 muito limitado pelo corpo da m\u00e3e e ele fica protegido de odores e sons que poderiam lhe ser desagrad\u00e1veis. Al\u00e9m disso, a temperatura \u00e9 perfeita: ele n\u00e3o sente frio nem calor; ele n\u00e3o sente fome; n\u00e3o tem c\u00f3licas&#8230;<br \/>\nMas, de uma hora para outra, ao nascer, o pequeno \u00e9 bombardeado por uma variedade de cheiros, barulhos, sensa\u00e7\u00f5es novas e isso deve ser extremamente desagrad\u00e1vel, uma vez que ele precisa sentir-se seguro atrav\u00e9s do que j\u00e1 lhe \u00e9 familiar.<br \/>\n&#8220;Onde est\u00e1 o barulho do cora\u00e7\u00e3o da mam\u00e3e?? Onde est\u00e1 aquela \u00e1gua quentinha que me envolvia?? Que vazio estranho \u00e9 esse na minha barriguinha??&#8221;<br \/>\nBem, voc\u00eas acham que ap\u00f3s viver nove meses no calor e seguran\u00e7a do \u00fatero, envolvido totalmente por um l\u00ed\u00adquido, o beb\u00ea vai achar muito normal dormir num ber\u00e7o, que para ele, com certeza, \u00e9 enorme e onde ele tem contato com novas texturas, onde tudo \u00e9 novo e muitas vezes assustador?<br \/>\nAcho que seria natural a consci\u00eancia de que ele precisa de um tempo para se adaptar ao mundo externo, e isso depende de beb\u00ea para beb\u00ea, pois cada um \u00e9 uma pessoa \u00fanica e especial, com suas necessidades e potencialidades espec\u00ed\u00adficas. Creio que tamb\u00e9m n\u00e3o \u00e9 dif\u00ed\u00adcil perceber que ele vai precisar de todo apoio e seguran\u00e7a que os adultos a sua volta podem oferecer.<br \/>\nEmbora tenha como principal forma de comunica\u00e7\u00e3o o choro, muitas vezes achamos que ele s\u00f3 pode chorar se estiver com fome, molhado, com frio, com calor&#8230; Bem, algu\u00e9m pode alegar que ele \u00e9 manhoso, ou seja, est\u00e1 chorando para enganar o adulto e ganhar um &#8220;colinho&#8221;. N\u00e3o existe beb\u00ea manhoso! O beb\u00ea ainda n\u00e3o tem a capacidade de mentir e enganar que n\u00f3s adultos temos. Assim que o beb\u00ea se sente em uma situa\u00e7\u00e3o de ang\u00fastia, ele usa o \u00fanico idioma que conhece: o choro. Ent\u00e3o, se ele est\u00e1 chorando, \u00e9 sinal de que alguma coisa n\u00e3o vai bem. Isso n\u00e3o quer dizer apenas na parte fisiol\u00f3gica, como fome ou frio, mas talvez ele tenha ouvido um som amea\u00e7ador, como o bater de uma porta, que voc\u00ea, por estar acostumada, nem ouviu. Pode ser ainda que ele sinta saudades da sensa\u00e7\u00e3o de seguran\u00e7a que o \u00fatero lhe proporcionava, e esteja sentindo um pouco de solid\u00e3o.<br \/>\nQual a solu\u00e7\u00e3o?? Colo nele!! Envolva-o nos bra\u00e7os, fale palavras bonitas ao seu ouvido, cante uma can\u00e7\u00e3o, explique que tudo est\u00e1 bem, que voc\u00ea est\u00e1 presente e que se importa com ele. Ele vai adorar e retribuir, creia nisso.<br \/>\nO beb\u00ea \u00e9 um excelente ouvinte e adora uma boa conversa. Bastam algumas palavras de amor e apre\u00e7o para que esse ser t\u00e3o especial aceite-nos como amigos e confie em nosso acolhimento.<br \/>\nPense no beb\u00ea como algu\u00e9m que acabou de chegar de uma viagem muito desgastante, que est\u00e1 confuso e preocupado em saber se vai conseguir se adaptar, encontrar amigos, ser aceito. O colo seria para o beb\u00ea como uma afirma\u00e7\u00e3o de que ele pode contar com aquela pessoa. O colo \u00e9 uma declara\u00e7\u00e3o de amor e amizade. \u00c9 como chegar para um amigo adulto e dizer: &#8220;pode contar comigo quanto precisar. Eu estou aqui.&#8221;<br \/>\nSe voc\u00ea n\u00e3o precisa saber que pode contar com as pessoas que ama, o beb\u00ea tamb\u00e9m n\u00e3o precisa de colo. Se ter bons amigos pode se tornar um v\u00ed\u00adcio, o colo tamb\u00e9m pode.<\/p>\n<div id=\"autor\">Nalu, 04:47<br \/>\n<a>Deixe seu recado: 0<\/a><\/div>\n","protected":false},"excerpt":{"rendered":"<p>14.11.03 Colo Vicia? Um dos grandes questionamentos dos pais, principalmente os de &#8220;primeira viagem&#8221;, \u00e9 se o colo pode &#8220;viciar&#8221; o beb\u00ea. Bem, depois de tanto tempo cuidando de beb\u00eas e participando da rotina de muitas fam\u00ed\u00adlias, gostaria de fazer algumas afirma\u00e7\u00f5es e alguns questionamentos. No \u00fatero, o contato do beb\u00ea com o mundo externo &hellip; <a href=\"https:\/\/nalua.in\/blog\/014\/\" class=\"more-link\">Continuar lendo <span class=\"screen-reader-text\">014<\/span><\/a><\/p>\n","protected":false},"author":1,"featured_media":0,"comment_status":"open","ping_status":"open","sticky":false,"template":"","format":"standard","meta":{"footnotes":""},"categories":[24],"tags":[],"class_list":["post-1240","post","type-post","status-publish","format-standard","hentry","category-eu"],"_links":{"self":[{"href":"https:\/\/nalua.in\/blog\/wp-json\/wp\/v2\/posts\/1240","targetHints":{"allow":["GET"]}}],"collection":[{"href":"https:\/\/nalua.in\/blog\/wp-json\/wp\/v2\/posts"}],"about":[{"href":"https:\/\/nalua.in\/blog\/wp-json\/wp\/v2\/types\/post"}],"author":[{"embeddable":true,"href":"https:\/\/nalua.in\/blog\/wp-json\/wp\/v2\/users\/1"}],"replies":[{"embeddable":true,"href":"https:\/\/nalua.in\/blog\/wp-json\/wp\/v2\/comments?post=1240"}],"version-history":[{"count":0,"href":"https:\/\/nalua.in\/blog\/wp-json\/wp\/v2\/posts\/1240\/revisions"}],"wp:attachment":[{"href":"https:\/\/nalua.in\/blog\/wp-json\/wp\/v2\/media?parent=1240"}],"wp:term":[{"taxonomy":"category","embeddable":true,"href":"https:\/\/nalua.in\/blog\/wp-json\/wp\/v2\/categories?post=1240"},{"taxonomy":"post_tag","embeddable":true,"href":"https:\/\/nalua.in\/blog\/wp-json\/wp\/v2\/tags?post=1240"}],"curies":[{"name":"wp","href":"https:\/\/api.w.org\/{rel}","templated":true}]}}