{"id":1225,"date":"2012-05-12T09:00:02","date_gmt":"2012-05-12T15:00:02","guid":{"rendered":"http:\/\/livros.in.blog.br\/?p=887"},"modified":"2012-05-12T09:00:02","modified_gmt":"2012-05-12T15:00:02","slug":"o-espetaculo-mais-triste","status":"publish","type":"post","link":"https:\/\/nalua.in\/blog\/o-espetaculo-mais-triste\/","title":{"rendered":"O Espet\u00e1culo Mais Triste da Terra"},"content":{"rendered":"<div style=\"text-align: justify;\">Posso dizer que esse foi outro livro que eu devorei. Essa hist\u00f3ria , desde que eu fiquei sabendo sempre me impressionou muito, e eu estava doida pra ler esse livro. A\u00ed\u00ad ele apareceu nas minhas m\u00e3os e eu li de uma sentada. \u00c9 muito bom, um trabalho\u00c2\u00a0jornal\u00ed\u00adstico\u00c2\u00a0bem legal, bem completo. E mostra as pequenas hist\u00f3rias que acompanharam essa trag\u00e9dia horr\u00ed\u00advel. Gostei bem, foi um acontecimento impressionante mesmo. E como em toda cat\u00e1strofe dessa propor\u00e7\u00e3o, vemos em a\u00e7\u00e3o o melhor e o pior do ser humano. Recomendo.<\/div>\n<div style=\"text-align: justify;\"><a href=\"http:\/\/nalu.files.wordpress.com\/2012\/05\/espetaculomaistriste.jpg\"><img loading=\"lazy\" decoding=\"async\" class=\"alignleft size-medium wp-image-888\" style=\"margin: 5px;\" title=\"espetaculomaistriste\" src=\"http:\/\/livros.nalu.in\/wp-content\/uploads\/2012\/05\/espetaculomaistriste-198x300.jpg\" alt=\"\" width=\"198\" height=\"300\" \/><\/a><\/div>\n<p><strong>ESPET\u00ed\u0081CULO MAIS TRISTE DA TERRA, O\u00c2\u00a0<\/strong><br \/>\nO INCENDIO DO GRAN CIRCO NORTE-AMERICANO<br \/>\nFormato: Livro<br \/>\nAutor: VENTURA, MAURO<br \/>\nEditora: COMPANHIA DAS LETRAS<br \/>\nAssunto: HIST\u00ed\u201cRIA DO BRASIL<br \/>\nCapa\u00c2\u00a0Victor Burton<br \/>\nP\u00e1ginas\u00c2\u00a0352<br \/>\nFormato\u00c2\u00a014.00 x 21.00 cm<br \/>\nPeso\u00c2\u00a00.43700 kg<br \/>\nAcabamento\u00c2\u00a0Brochura<br \/>\nISBN: 8535919910<br \/>\nISBN-13: 9788535919912<br \/>\nIdioma: portugu\u00eas<br \/>\nEncaderna\u00e7\u00e3o: Brochura<br \/>\nDimens\u00e3o: 21 x 14 cm<br \/>\nEdi\u00e7\u00e3o: 1\u00aa<br \/>\nAno de Lan\u00e7amento: 2011<br \/>\nN\u00famero de p\u00e1ginas: 320<\/p>\n<p style=\"text-align: justify;\">=====<!--more--><br \/>\nNo dia 17 de dezembro de 1961 acontecia, em Niter\u00f3i, a maior trag\u00e9dia circense da hist\u00f3ria e o pior inc\u00eandio com v\u00ed\u00adtimas do Brasil. Mais de 3 mil espectadores, a maioria crian\u00e7as, lotavam a matin\u00ea do Gran Circo Norte-Americano, anunciado como o mais famoso da Am\u00e9rica Latina, quando a trapezista Antonietta Stevanovich deu o alerta de &#8220;fogo!&#8221;. Em menos de dez minutos, as chamas devoraram a lona, justamente no momento em que o principal hospital da regi\u00e3o se encontrava fechado por falta de condi\u00e7\u00f5es. O prefeito da cidade estabeleceu em 503 o n\u00famero oficial de mortos, mas a contabilidade real nunca ser\u00e1 conhecida. Cinquenta anos depois, o jornalista Mauro Ventura reconstitui o epis\u00f3dio em\u00c2\u00a0<em>O espet\u00e1culo mais triste da terra<\/em>.<br \/>\nCurto-circuito ou crime? Era a pergunta que todos se faziam. A pol\u00ed\u00adcia logo descobriu um suspeito, mas at\u00e9 que ponto ele era o verdadeiro culpado ou o bode expiat\u00f3rio ideal para dar satisfa\u00e7\u00f5es r\u00e1pidas \u00ed\u00a0 sociedade e encobrir poss\u00ed\u00adveis falhas das autoridades e do dono do circo? Quatro meses depois da ren\u00fancia do presidente J\u00e2nio Quadros, o pa\u00ed\u00ads chegava novamente \u00ed\u00a0s manchetes internacionais. O papa mandou celebrar uma missa pelas v\u00ed\u00adtimas e enviou um cheque para ajudar no tratamento dos sobreviventes. O impacto da trag\u00e9dia em Niter\u00f3i, ent\u00e3o capital do estado do Rio de Janeiro, foi tamanho que o assunto permanece encoberto at\u00e9 hoje.<br \/>\nO livro revela uma trama que mistura drama e hero\u00ed\u00adsmo, oportunismo e solidariedade, dor e supera\u00e7\u00e3o. O autor mostra como a cat\u00e1strofe fez surgir a figura do profeta Gentileza e ajudou a projetar o nome do cirurgi\u00e3o pl\u00e1stico Ivo Pitanguy. &#8220;Essa trag\u00e9dia evidenciou a import\u00e2ncia da nossa especialidade&#8221;, diz o m\u00e9dico. Para o historiador Paulo Knauss, a cirurgia pl\u00e1stica brasileira \u00e9 t\u00e3o desenvolvida porque teve na ocasi\u00e3o o maior campo de pesquisa e experimenta\u00e7\u00e3o de sua hist\u00f3ria.<br \/>\nEntre os mais de 150 entrevistados, destacam-se Santiago Grotto, um dos tr\u00eas trapezistas que tinham acabado de se exibir quando o fogo come\u00e7ou, e o \u00fanico ainda vivo, e o m\u00e9dico argentino Fortunato Benaim, que veio de seu pa\u00ed\u00ads para socorrer as v\u00ed\u00adtimas.<\/p>\n","protected":false},"excerpt":{"rendered":"<p>Posso dizer que esse foi outro livro que eu devorei. Essa hist\u00f3ria , desde que eu fiquei sabendo sempre me impressionou muito, e eu estava doida pra ler esse livro. A\u00ed\u00ad ele apareceu nas minhas m\u00e3os e eu li de uma sentada. \u00c9 muito bom, um trabalho\u00c2\u00a0jornal\u00ed\u00adstico\u00c2\u00a0bem legal, bem completo. E mostra as pequenas hist\u00f3rias &hellip; <a href=\"https:\/\/nalua.in\/blog\/o-espetaculo-mais-triste\/\" class=\"more-link\">Continuar lendo <span class=\"screen-reader-text\">O Espet\u00e1culo Mais Triste da Terra<\/span><\/a><\/p>\n","protected":false},"author":1,"featured_media":0,"comment_status":"closed","ping_status":"open","sticky":false,"template":"","format":"standard","meta":{"footnotes":""},"categories":[34,38,43,44],"tags":[],"class_list":["post-1225","post","type-post","status-publish","format-standard","hentry","category-historia","category-leituras","category-literatura-brasileira","category-livros"],"_links":{"self":[{"href":"https:\/\/nalua.in\/blog\/wp-json\/wp\/v2\/posts\/1225","targetHints":{"allow":["GET"]}}],"collection":[{"href":"https:\/\/nalua.in\/blog\/wp-json\/wp\/v2\/posts"}],"about":[{"href":"https:\/\/nalua.in\/blog\/wp-json\/wp\/v2\/types\/post"}],"author":[{"embeddable":true,"href":"https:\/\/nalua.in\/blog\/wp-json\/wp\/v2\/users\/1"}],"replies":[{"embeddable":true,"href":"https:\/\/nalua.in\/blog\/wp-json\/wp\/v2\/comments?post=1225"}],"version-history":[{"count":0,"href":"https:\/\/nalua.in\/blog\/wp-json\/wp\/v2\/posts\/1225\/revisions"}],"wp:attachment":[{"href":"https:\/\/nalua.in\/blog\/wp-json\/wp\/v2\/media?parent=1225"}],"wp:term":[{"taxonomy":"category","embeddable":true,"href":"https:\/\/nalua.in\/blog\/wp-json\/wp\/v2\/categories?post=1225"},{"taxonomy":"post_tag","embeddable":true,"href":"https:\/\/nalua.in\/blog\/wp-json\/wp\/v2\/tags?post=1225"}],"curies":[{"name":"wp","href":"https:\/\/api.w.org\/{rel}","templated":true}]}}