{"id":1221,"date":"2012-03-27T07:39:03","date_gmt":"2012-03-27T13:39:03","guid":{"rendered":"http:\/\/livros.in.blog.br\/?p=774"},"modified":"2012-03-27T07:39:03","modified_gmt":"2012-03-27T13:39:03","slug":"dia-27","status":"publish","type":"post","link":"https:\/\/nalua.in\/blog\/dia-27\/","title":{"rendered":"Dia 27"},"content":{"rendered":"<p><span style=\"text-decoration: underline;\"><strong>D<img loading=\"lazy\" decoding=\"async\" class=\"alignleft size-medium wp-image-1001\" src=\"http:\/\/livros.nalu.in\/wp-content\/uploads\/2012\/03\/colera-187x300.jpg\" alt=\"colera\" width=\"187\" height=\"300\" \/>ia 27 \u00e2\u20ac\u201d A hist\u00f3ria de amor favorita<\/strong><\/span><br \/>\n<span style=\"text-decoration: underline;\"><strong>O Amor Nos Tempos do \u00c2\u00a0C\u00f3lera<\/strong><\/span><br \/>\n(e tamb\u00e9m Una Pena em Observaci\u00f3n)<br \/>\nN\u00e3o \u00e9 f\u00e1cil responder a essa pergunta, s\u00e3o tantas hist\u00f3rias de amor t\u00e3o boas. Mas por ora fico com essas duas, pra n\u00e3o deixar passar em branco esse dia.<br \/>\n<strong>AMOR NOS TEMPOS DO COLERA, O<\/strong><br \/>\nFormato: Livro<br \/>\nAutor: GARCIA MARQUEZ, GABRIEL<br \/>\nEditora: RECORD<br \/>\nAssunto: LITERATURA ESTRANGEIRA &#8211; LATINO-AMERICANA<br \/>\nISBN: 850102872x<br \/>\nISBN-13: 9788501028723<br \/>\nIdioma: portugu\u00eas<br \/>\nN\u00famero de p\u00e1ginas: 429<!--more--><br \/>\n=====<\/p>\n<p style=\"text-align: justify;\">Ainda muito jovem, o telegrafista, violinista e poeta Gabriel El\u00ed\u00adgio Garci\u00e1 se apaixonou por Luiza M\u00e1rquez, mas o romance enfrentou a oposi\u00e7\u00e3o do pai da mo\u00e7a, coronel Nicolas, que tentou impedir o casamento enviando a filha ao interior numa viagem de um ano. Para manter seu amor, Gabriel montou, com a ajuda de amigos telegrafistas, uma rede de comunica\u00e7\u00e3o que alcan\u00e7ava Luiza onde ela estivesse. Essa \u00e9 a hist\u00f3ria real dos pais de Gabriel Garc\u00ed\u00ada M\u00e1rquez e foi ponto de partida de &#8216;O amor nos tempos do c\u00f3lera&#8217;, que acompanha a paix\u00e3o do telegrafista, violinista e poeta Florentino Ariza por Fermina Daza.<\/p>\n<div id=\"-chrome-auto-translate-plugin-dialog\" style=\"opacity: 1 !important; background-image: initial !important; background-attachment: initial !important; background-origin: initial !important; background-clip: initial !important; background-color: transparent !important; position: absolute !important; top: 0; left: 0; overflow-x: visible !important; overflow-y: visible !important; z-index: 999999 !important; text-align: left !important; display: none; background-position: initial initial !important; background-repeat: initial initial !important; padding: 0!important; margin: 0!important;\">\n<div style=\"max-width: 300px !important; color: #fafafa !important; opacity: .8 !important; border-color: #000000!important; border-width: 0!important; -webkit-border-radius: 10px !important; background-color: #363636 !important; font-size: 16px !important; padding: 8px!important; overflow: visible !important; background-image: -webkit-gradient(linear,left top,right bottom,color-stop(0%,#000),color-stop(50%,#363636),color-stop(100%,#000)); z-index: 999999 !important; text-align: left !important;\"><\/div>\n<p><img decoding=\"async\" style=\"position: absolute !important; z-index: -1 !important; right: 1px !important; top: -20px !important; cursor: pointer !important; -webkit-border-radius: 20px; background-color: rgba(200,200,200,0.3) !important; padding: 3px 5px 0!important; margin: 0!important;\" src=\"http:\/\/www.google.com\/uds\/css\/small-logo.png\" alt=\"\" \/>\n<\/div>\n","protected":false},"excerpt":{"rendered":"<p>Dia 27 \u00e2\u20ac\u201d A hist\u00f3ria de amor favorita O Amor Nos Tempos do \u00c2\u00a0C\u00f3lera (e tamb\u00e9m Una Pena em Observaci\u00f3n) N\u00e3o \u00e9 f\u00e1cil responder a essa pergunta, s\u00e3o tantas hist\u00f3rias de amor t\u00e3o boas. Mas por ora fico com essas duas, pra n\u00e3o deixar passar em branco esse dia. AMOR NOS TEMPOS DO COLERA, O &hellip; <a href=\"https:\/\/nalua.in\/blog\/dia-27\/\" class=\"more-link\">Continuar lendo <span class=\"screen-reader-text\">Dia 27<\/span><\/a><\/p>\n","protected":false},"author":1,"featured_media":0,"comment_status":"closed","ping_status":"open","sticky":false,"template":"","format":"standard","meta":{"footnotes":""},"categories":[2,4,38,42,44],"tags":[],"class_list":["post-1221","post","type-post","status-publish","format-standard","hentry","category-100-melhores","category-30dias","category-leituras","category-literatura","category-livros"],"_links":{"self":[{"href":"https:\/\/nalua.in\/blog\/wp-json\/wp\/v2\/posts\/1221","targetHints":{"allow":["GET"]}}],"collection":[{"href":"https:\/\/nalua.in\/blog\/wp-json\/wp\/v2\/posts"}],"about":[{"href":"https:\/\/nalua.in\/blog\/wp-json\/wp\/v2\/types\/post"}],"author":[{"embeddable":true,"href":"https:\/\/nalua.in\/blog\/wp-json\/wp\/v2\/users\/1"}],"replies":[{"embeddable":true,"href":"https:\/\/nalua.in\/blog\/wp-json\/wp\/v2\/comments?post=1221"}],"version-history":[{"count":0,"href":"https:\/\/nalua.in\/blog\/wp-json\/wp\/v2\/posts\/1221\/revisions"}],"wp:attachment":[{"href":"https:\/\/nalua.in\/blog\/wp-json\/wp\/v2\/media?parent=1221"}],"wp:term":[{"taxonomy":"category","embeddable":true,"href":"https:\/\/nalua.in\/blog\/wp-json\/wp\/v2\/categories?post=1221"},{"taxonomy":"post_tag","embeddable":true,"href":"https:\/\/nalua.in\/blog\/wp-json\/wp\/v2\/tags?post=1221"}],"curies":[{"name":"wp","href":"https:\/\/api.w.org\/{rel}","templated":true}]}}