{"id":1215,"date":"2012-03-04T19:17:14","date_gmt":"2012-03-05T01:17:14","guid":{"rendered":"http:\/\/livros.in.blog.br\/?p=675"},"modified":"2012-03-04T19:17:14","modified_gmt":"2012-03-05T01:17:14","slug":"dia-0","status":"publish","type":"post","link":"https:\/\/nalua.in\/blog\/dia-0\/","title":{"rendered":"Dia 04"},"content":{"rendered":"<p style=\"text-align: justify;\"><strong><span style=\"text-decoration: underline;\"><a href=\"http:\/\/nalu.in\/wp-content\/uploads\/2012\/03\/eramos6.jpg\"><img loading=\"lazy\" decoding=\"async\" class=\"alignleft  wp-image-2313\" src=\"http:\/\/nalu.in\/wp-content\/uploads\/2012\/03\/eramos6.jpg\" alt=\"eramos6\" width=\"236\" height=\"358\" srcset=\"https:\/\/nalua.in\/blog\/wp-content\/uploads\/2012\/03\/eramos6.jpg 423w, https:\/\/nalua.in\/blog\/wp-content\/uploads\/2012\/03\/eramos6-198x300.jpg 198w\" sizes=\"auto, (max-width: 236px) 100vw, 236px\" \/><\/a>Dia 04 \u00e2\u20ac\u201d O primeiro livro que lhe fez chorar<\/span><\/strong><\/p>\n<p style=\"text-align: justify;\"><span style=\"text-decoration: underline;\"><strong>\u00c9ramos Seis<\/strong><\/span><\/p>\n<p style=\"text-align: justify;\">Eu acho que foi, porra de livro triste do caramba, afe. S\u00f3 tristeza na vida da mulher. E eu lembro muito da minha m\u00e3e, que tem o esp\u00ed\u00adrito bastante tr\u00e1gico, falando e falando e refalando de tanto sofrimento, de que filhos ingratos, nossa, me d\u00e1 tristeza at\u00e9 hoje de pensar. \u00c9 um livro altamente lacrimoso e triste at\u00e9 dizer que chega. Mas tenho que dizer que esse livro tamb\u00e9m formou meu car\u00e1ter, o eterno mote dos filhos ingratos e da m\u00e3e altamente abnegada, m\u00e1rtir, sofredora, tra\u00ed\u00adda e largada era tema di\u00e1rio na minha casa, quando eu era crian\u00e7a. Eu li esse livro bem nova, bem nova. Mas fiquei sabendo de toda hist\u00f3ria ainda mais nova, e vai saber o efeito que teve realmente \ud83d\ude1b<\/p>\n<p><strong>ERAMOS SEIS<\/strong><br \/>\n<!--more--><br \/>\nFormato: Livro<br \/>\nCole\u00e7\u00e3o: VAGA-LUME<br \/>\nAutor: DUPRE, MARIA JOSE<br \/>\nEditora: ATICA<br \/>\nAssunto: INFANTO-JUVENIS &#8211; LITERATURA JUVENIL<br \/>\nISBN: 8508001002 ISBN-13: 9788508001002<br \/>\nIdioma: portugu\u00eas<br \/>\nN\u00famero de p\u00e1ginas: 192<br \/>\nFaixa et\u00e1ria: a partir de 10 anos.<br \/>\n&nbsp;<\/p>\n<p style=\"text-align: justify;\">=====<br \/>\n\u00c9ramos Seis conta a hist\u00f3ria de Dona Lola e sua fam\u00ed\u00adlia, uma bondosa e batalhadora mulher que faz de tudo pela felicidade do marido, J\u00falio, um vendedor, e dos quatro filhos do casal: Carlos, Alfredo, Julinho e Maria Isabel. A vida de Dona Lola \u00e9 narrada desde a inf\u00e2ncia das crian\u00e7as, quando J\u00falio trabalha para pagar as presta\u00e7\u00f5es da casa onde moram, na avenida Ang\u00e9lica, em S\u00e3o Paulo, nas proximidades do parque Buenos Aires, no local onde mais tarde se ergueu o Edif\u00ed\u00adcio S\u00e3o Clemente, passando pela chegada dos filhos \u00ed\u00a0 fase adulta e de Dona Lola \u00ed\u00a0 velhice. Conforme os anos passam, v\u00e3o se modificando as coisas na vida de Dona Lola, com a morte de J\u00falio; o sumi\u00e7o de Alfredo pelo mundo; a uni\u00e3o de Isabel com Fel\u00ed\u00adcio, um homem desquitado; a ascens\u00e3o de Julinho, que se casa com uma mo\u00e7a de fam\u00ed\u00adlia da nata da sociedade carioca. O t\u00ed\u00adtulo do romance vem da situa\u00e7\u00e3o de Dona Lola ao fim da vida, sozinha numa casa de repouso confort\u00e1vel, dirigida pelas &#8220;Irm\u00e3s Esperan\u00e7a&#8221;, na rua da Consola\u00e7\u00e3o, em S\u00e3o Paulo, pr\u00f3xima ao Centro, o que lhe permite frequentar o Teatro Municipal e os cinemas. Eram seis, sua vida mudou e agora s\u00f3 resta ela. Tamb\u00e9m s\u00e3o expostos no livro outras personagens, como os familiares de Lola: na cidade de Itapetininga, interior paulista, moram a m\u00e3e, Dona Maria; a tia Candoca; as irm\u00e3s Clotilde, solteira, e Olga, casada com Zeca, seu cunhado; na cidade, vive a rica tia Em\u00ed\u00adlia, irm\u00e3 de seu pai; e a filha dela (de tia Em\u00ed\u00adlia), Justina.<\/p>\n<p>&nbsp;<\/p>\n<div id=\"-chrome-auto-translate-plugin-dialog\" style=\"display: none; opacity: 1 !important; border-color: none!important; background: transparent !important; padding: 0!important; margin: 0!important; position: absolute !important; top: 0; left: 0; overflow: visible !important; z-index: 999999 !important; text-align: left !important;\">\n<div style=\"max-width: 300px !important; color: #fafafa !important; opacity: .8 !important; border-color: #000000!important; border-width: 0!important; -webkit-border-radius: 10px !important; background-color: #363636 !important; font-size: 16px !important; padding: 8px!important; overflow: visible !important; background-image: -webkit-gradient(linear,left top,right bottom,color-stop(0%,#000),color-stop(50%,#363636),color-stop(100%,#000)); z-index: 999999 !important; text-align: left !important;\"><\/div>\n<p><img decoding=\"async\" style=\"position: absolute !important; z-index: -1 !important; right: 1px !important; top: -20px !important; cursor: pointer !important; -webkit-border-radius: 20px; background-color: rgba(200,200,200,0.3) !important; padding: 3px 5px 0!important; margin: 0!important;\" src=\"http:\/\/www.google.com\/uds\/css\/small-logo.png\" alt=\"\" \/>\n<\/div>\n","protected":false},"excerpt":{"rendered":"<p>Dia 04 \u00e2\u20ac\u201d O primeiro livro que lhe fez chorar \u00c9ramos Seis Eu acho que foi, porra de livro triste do caramba, afe. S\u00f3 tristeza na vida da mulher. E eu lembro muito da minha m\u00e3e, que tem o esp\u00ed\u00adrito bastante tr\u00e1gico, falando e falando e refalando de tanto sofrimento, de que filhos ingratos, nossa, &hellip; <a href=\"https:\/\/nalua.in\/blog\/dia-0\/\" class=\"more-link\">Continuar lendo <span class=\"screen-reader-text\">Dia 04<\/span><\/a><\/p>\n","protected":false},"author":1,"featured_media":0,"comment_status":"closed","ping_status":"open","sticky":false,"template":"","format":"standard","meta":{"footnotes":""},"categories":[4,38,42,43,44],"tags":[],"class_list":["post-1215","post","type-post","status-publish","format-standard","hentry","category-30dias","category-leituras","category-literatura","category-literatura-brasileira","category-livros"],"_links":{"self":[{"href":"https:\/\/nalua.in\/blog\/wp-json\/wp\/v2\/posts\/1215","targetHints":{"allow":["GET"]}}],"collection":[{"href":"https:\/\/nalua.in\/blog\/wp-json\/wp\/v2\/posts"}],"about":[{"href":"https:\/\/nalua.in\/blog\/wp-json\/wp\/v2\/types\/post"}],"author":[{"embeddable":true,"href":"https:\/\/nalua.in\/blog\/wp-json\/wp\/v2\/users\/1"}],"replies":[{"embeddable":true,"href":"https:\/\/nalua.in\/blog\/wp-json\/wp\/v2\/comments?post=1215"}],"version-history":[{"count":0,"href":"https:\/\/nalua.in\/blog\/wp-json\/wp\/v2\/posts\/1215\/revisions"}],"wp:attachment":[{"href":"https:\/\/nalua.in\/blog\/wp-json\/wp\/v2\/media?parent=1215"}],"wp:term":[{"taxonomy":"category","embeddable":true,"href":"https:\/\/nalua.in\/blog\/wp-json\/wp\/v2\/categories?post=1215"},{"taxonomy":"post_tag","embeddable":true,"href":"https:\/\/nalua.in\/blog\/wp-json\/wp\/v2\/tags?post=1215"}],"curies":[{"name":"wp","href":"https:\/\/api.w.org\/{rel}","templated":true}]}}