{"id":1151,"date":"2008-10-19T18:39:02","date_gmt":"2008-10-20T00:39:02","guid":{"rendered":"http:\/\/livros.in.blog.br\/2008\/minusculos-assassinatos-e-alguns-copos-de-leite\/"},"modified":"2008-10-19T18:39:02","modified_gmt":"2008-10-20T00:39:02","slug":"minusculos-assassinatos-e-alguns-copos-de-leite-2","status":"publish","type":"post","link":"https:\/\/nalua.in\/blog\/minusculos-assassinatos-e-alguns-copos-de-leite-2\/","title":{"rendered":"Min\u00fasculos Assassinatos e Alguns Copos de Leite"},"content":{"rendered":"\n<p><strong><img loading=\"lazy\" decoding=\"async\" src=\"http:\/\/nalu.blog.br\/imagens\/livros\/minusculosassassinatosp.jpg\" style=\"display:inline;float:right;margin:0 0 5px 5px;width:192px;height:292px;\" height=\"292\" width=\"192\" \/>MIN\u00ed\u0161SCULOS ASSASSINATOS E ALGUNS COPOS DE LEITE <br \/><\/strong> Autor: Fal Azevedo <br \/>ISBN:9788532523556 <br \/>P\u00e1ginas:204 <br \/>Formato : 14&#215;21<\/p>\n<p>Sinopse do Livro<\/p>\n<p style=\"text-align:center;\"><em>&#8220;Tenho 44 anos e sei que isso n\u00e3o \u00e9 felicidade.<\/em><\/p>\n<p style=\"text-align:center;\"><em>Mas sei tamb\u00e9m que n\u00e3o deixa de ser.&#8221;<\/em><\/p>\n<p style=\"text-align:justify;\">Boitempo II, livro de poemas memorial\u00ed\u00adsticos de Carlos Drummond de Andrade, traz o seguinte subt\u00ed\u00adtulo: &#8220;esquecer para lembrar&#8221;. Parafraseando e contradizendo o &#8220;poeta maior&#8221;, a pintora quarentona Alma passa em revis\u00e3o sua biografia, num ritual pessoal de &#8220;lembrar para esquecer&#8221; &#8211; um acerto de contas com o passado na tentativa de escrever felicidade em seu futuro, algo mais intenso do que &#8220;sigo vivendo&#8221;. Alma \u00e9 a protagonista de Min\u00fasculos assassinatos e alguns copos de leite, primeiro e surpreendente romance da paulistana Fal Azevedo.<\/p>\n<p style=\"text-align:justify;\">A autora constr\u00f3i, no livro, a narrativa de maneira n\u00e3o-linear, alternando discursos diferentes, momentos distantes e vozes distintas. Tais vozes interagem indiretamente com Alma, atrav\u00e9s de cartas, postais e e-mails, e confundem-se com a pr\u00f3pria protagonista e narradora &#8211; qual um di\u00e1logo interno de algu\u00e9m em auto-an\u00e1lise.<\/p>\n<p style=\"text-align:justify;\">O nome da personagem, ali\u00e1s, \u00e9 o sopro de uma humanidade marcada por conflitos, diferen\u00e7as, feridas. Alma desenrola, no presente, em sua casinha, na est\u00e2ncia balne\u00e1ria de Bertioga, em S\u00e3o Paulo &#8211; em meio aos v\u00e1rios cachorros, in\u00fameros gatos, os bolos, os mimos do vizinho, Seu Lurdiano, as missivas e correios eletr\u00f4nicos de uma extensa legi\u00e3o de amigas e amigos (Biuccia, Cl\u00e1udio, Tela, Binho, Ticcia, Gigio, Rose, entre outras e outros) -, o novelo da sua vida, atravancada em n\u00f3s tr\u00e1gicos e dolorosos.<\/p>\n<p style=\"text-align:justify;\">Cada cap\u00ed\u00adtulo da obra \u00e9 intitulado com o nome de alguma comida, tempero ou bebida &#8211; &#8220;Doce de leite&#8221;, &#8220;Croquete&#8221;, &#8220;Manjeric\u00e3o&#8221;, &#8220;Suco de uva&#8221;. Paladares que marcam o gosto, na mem\u00f3ria, de cada instante vivido com pessoas que forjaram sua hist\u00f3ria: pai; m\u00e3e; a irm\u00e3 do meio, Violeta; o padrasto, Eliano; a meia-irm\u00e3, Ana Beatriz; os av\u00f3s paternos, Estela e Juan; os maternos, Greta e Max; o ex-marido, Ot\u00e1vio; a \u00fanica filha, Fernanda. A lembran\u00e7a \u00e9 um relic\u00e1rio de sensa\u00e7\u00f5es muito reais; as cicatrizes s\u00e3o as provas cabais da experi\u00eancia &#8211; &#8220;uma vida feita de pequenas omiss\u00f5es e min\u00fasculos assassinatos&#8221;. A vida que s\u00f3 Alma sabe viver.<\/p>\n<p style=\"text-align:justify;\">Verdadeiro soco no est\u00f4mago, o livro de Fal Azevedo \u00e9 uma grata surpresa na cena liter\u00e1ria contempor\u00e2nea, que emociona sem pieguices. As perdas dos entes mais queridos de Alma levam, invariavelmente, o leitor a reavaliar suas rela\u00e7\u00f5es familiares e a pensar, com o cora\u00e7\u00e3o apertadinho, em ligar para o pai, a m\u00e3e, os irm\u00e3os, os filhos, quem quer que lhe seja especial. Afinal, a morte, essa novidade indesejada, sempre nos pega de surpresa e rouba um peda\u00e7o da gente.<\/p>\n","protected":false},"excerpt":{"rendered":"<p>MIN\u00ed\u0161SCULOS ASSASSINATOS E ALGUNS COPOS DE LEITE Autor: Fal Azevedo ISBN:9788532523556 P\u00e1ginas:204 Formato : 14&#215;21 Sinopse do Livro &#8220;Tenho 44 anos e sei que isso n\u00e3o \u00e9 felicidade. Mas sei tamb\u00e9m que n\u00e3o deixa de ser.&#8221; Boitempo II, livro de poemas memorial\u00ed\u00adsticos de Carlos Drummond de Andrade, traz o seguinte subt\u00ed\u00adtulo: &#8220;esquecer para lembrar&#8221;. Parafraseando &hellip; <a href=\"https:\/\/nalua.in\/blog\/minusculos-assassinatos-e-alguns-copos-de-leite-2\/\" class=\"more-link\">Continuar lendo <span class=\"screen-reader-text\">Min\u00fasculos Assassinatos e Alguns Copos de Leite<\/span><\/a><\/p>\n","protected":false},"author":1,"featured_media":0,"comment_status":"open","ping_status":"open","sticky":false,"template":"","format":"standard","meta":{"footnotes":""},"categories":[42],"tags":[],"class_list":["post-1151","post","type-post","status-publish","format-standard","hentry","category-literatura"],"_links":{"self":[{"href":"https:\/\/nalua.in\/blog\/wp-json\/wp\/v2\/posts\/1151","targetHints":{"allow":["GET"]}}],"collection":[{"href":"https:\/\/nalua.in\/blog\/wp-json\/wp\/v2\/posts"}],"about":[{"href":"https:\/\/nalua.in\/blog\/wp-json\/wp\/v2\/types\/post"}],"author":[{"embeddable":true,"href":"https:\/\/nalua.in\/blog\/wp-json\/wp\/v2\/users\/1"}],"replies":[{"embeddable":true,"href":"https:\/\/nalua.in\/blog\/wp-json\/wp\/v2\/comments?post=1151"}],"version-history":[{"count":0,"href":"https:\/\/nalua.in\/blog\/wp-json\/wp\/v2\/posts\/1151\/revisions"}],"wp:attachment":[{"href":"https:\/\/nalua.in\/blog\/wp-json\/wp\/v2\/media?parent=1151"}],"wp:term":[{"taxonomy":"category","embeddable":true,"href":"https:\/\/nalua.in\/blog\/wp-json\/wp\/v2\/categories?post=1151"},{"taxonomy":"post_tag","embeddable":true,"href":"https:\/\/nalua.in\/blog\/wp-json\/wp\/v2\/tags?post=1151"}],"curies":[{"name":"wp","href":"https:\/\/api.w.org\/{rel}","templated":true}]}}