{"id":1142,"date":"2008-04-29T07:23:00","date_gmt":"2008-04-29T13:23:00","guid":{"rendered":"http:\/\/livros.in.blog.br\/2008\/extremamente-alto-incrivelmente-perto\/"},"modified":"2008-04-29T07:23:00","modified_gmt":"2008-04-29T13:23:00","slug":"extremamente-alto-incrivelmente-perto-2","status":"publish","type":"post","link":"https:\/\/nalua.in\/blog\/extremamente-alto-incrivelmente-perto-2\/","title":{"rendered":"Extremamente Alto &#038; Incrivelmente Perto"},"content":{"rendered":"<p style=\"text-align: justify;\"><img loading=\"lazy\" decoding=\"async\" style=\"display: inline; float: right; margin: 0 0 5px 5px; width: 201px; height: 300px;\" src=\"http:\/\/lh4.ggpht.com\/nalualine\/SBchKcBnXsI\/AAAAAAAABQo\/K9hcb7ma38A\/s800\/extremamentealto.jpg\" alt=\"\" width=\"201\" height=\"300\" \/><strong>EXTREMAMENTE ALTO &amp; INCRIVELMENTE PERTO<\/strong><\/p>\n<p style=\"text-align: justify;\">Autor: FOER, JONATHAN SAFRAN<br \/>\nEditora: ROCCO<br \/>\nAssunto: LITERATURA ESTRANGEIRA<br \/>\nISBN: 8532520561<br \/>\nISBN-13: 9788532520562<br \/>\nLivro em portugu\u00eas<br \/>\nBrochura<br \/>\n1\u00aa Edi\u00e7\u00e3o &#8211; 2006 &#8211; 360 p\u00e1g.<br \/>\nNunca \u00e9 poss\u00ed\u00advel reconhecer o \u00faltimo momento de felicidade que antecede uma trag\u00e9dia. Seja ela o ataque \u00ed\u00a0s torres do World Trade Center, seja o cruel bombardeio aliado sobre Dresden, que arrasou a cidade e a popula\u00e7\u00e3o civil da hist\u00f3rica cidade alem\u00e3 na Segunda Guerra Mundial. Portanto, dificilmente h\u00e1 tempo de verbalizar o amor que se sente pelas pessoas pr\u00f3ximas que, por um golpe do destino, tornam-se distantes. Esta constata\u00e7\u00e3o e os dois acontecimentos hist\u00f3ricos guiam &#8216;Extremamente alto &amp; incrivelmente perto&#8217;. O principal narrador do livro, Oskar, \u00e9 um menino extremamente inteligente de 9 anos de idade, sofre com a morte do pai, uma das v\u00ed\u00adtimas do ataque ao World Trade Center, que estava no local da trag\u00e9dia por um mero acaso &#8211; uma reuni\u00e3o no Windows of the World, o restaurante no \u00faltimo andar de uma das torres. A dor de Oskar n\u00e3o vem s\u00f3 da perda, mas do fato de julgar ser o \u00fanico a ouvir as \u00faltimas palavras emitidas pelo pai, deixadas numa secret\u00e1ria eletr\u00f4nica.<!--more--><\/p>\n<p style=\"text-align: justify;\">Zero Hora \/ Data: 31\/7\/2006<br \/>\nExtremamente Alto &amp; Incrivelmente Perto<br \/>\nPelos olhos argutos de um menino de nove anos, Oskar Schell, o escritor americano Jonathan Safran Foer rev\u00ea a trag\u00e9dia do World Trade Center em &#8220;Extremamente Alto &amp; Incrivelmente Perto&#8221; (Editora Rocco, 376 p\u00e1ginas, tradu\u00e7\u00e3o de Daniel Galera). O personagem precisa encarar a morte do pai, uma das v\u00ed\u00adtimas do ataque \u00ed\u00a0s torres g\u00eameas. Sem saber lidar direito com a dor, ele inventa coisas absurdas, escreve cartas para celebridades do mundo cient\u00ed\u00adfico e acaba virando detetive, ap\u00f3s encontrar uma chave entre os guardados do pai.<\/p>\n<p style=\"text-align: justify;\">No livro, Safran Foer &#8211; autor de 29 anos, que vem ao Brasil em agosto para a Festa Liter\u00e1ria de Parati &#8211; retoma a tem\u00e1tica do acerto de contas com o passado, assim como no badalado &#8220;Tudo se Ilumina&#8221; (no qual um filho de imigrantes viaja \u00ed\u00a0 Ucr\u00e2nia para descobrir por qu\u00ea o av\u00f4 fugiu de l\u00e1). Aqui, ele narra tamb\u00e9m a hist\u00f3ria dos av\u00f3s do garoto, alem\u00e3es que sobreviveram ao bombardeio de Dresden, no final da II Guerra Mundial.<\/p>\n<p style=\"text-align: justify;\">Como o ponto de vista \u00e9 o de um guri, o livro tem uma narrativa hiperativa. \u00c9 cheio de imagens e brincadeiras visuais, como p\u00e1ginas corrigidas \u00ed\u00a0 m\u00e3o.<\/p>\n<p style=\"text-align: justify;\">Sobre o autor:<\/p>\n<p style=\"text-align: justify;\">FOER, JONATHAN SAFRAN<br \/>\nJonathan Safran Foer nasceu em 1977. Estudou reda\u00e7\u00e3o criativa na Universidade de Princeton e, antes de se tornar romancista, trabalhou como vendedor de j\u00f3ias, assistente de necrot\u00e9rio e ghostwriter. Seus contos foram publicados na Paris Review, e s\u00f3 ent\u00e3o veio seu primeiro livro, Tudo se ilumina. O romance foi apontado como a grande estr\u00e9ia liter\u00e1ria dos \u00faltimos tempos por publica\u00e7\u00f5es prestigiadas, como a revista New Yorker. O Los Angeles Times o nomeou Livro do Ano. O Guardian tamb\u00e9m o premiou com o t\u00ed\u00adtulo de melhor estr\u00e9ia do ano. A Rolling Stone e a Esquire incluiram Foer em suas listas dos grandes nomes do ano. O livro j\u00e1 foi lan\u00e7ado em cerca de 25 pa\u00ed\u00adses e ganhou uma adapta\u00e7\u00e3o para o cinema.<\/p>\n<p style=\"text-align: justify;\">Fonte: Site da Livraria Cultura<\/p>\n","protected":false},"excerpt":{"rendered":"<p>EXTREMAMENTE ALTO &amp; INCRIVELMENTE PERTO Autor: FOER, JONATHAN SAFRAN Editora: ROCCO Assunto: LITERATURA ESTRANGEIRA ISBN: 8532520561 ISBN-13: 9788532520562 Livro em portugu\u00eas Brochura 1\u00aa Edi\u00e7\u00e3o &#8211; 2006 &#8211; 360 p\u00e1g. Nunca \u00e9 poss\u00ed\u00advel reconhecer o \u00faltimo momento de felicidade que antecede uma trag\u00e9dia. Seja ela o ataque \u00ed\u00a0s torres do World Trade Center, seja o cruel &hellip; <a href=\"https:\/\/nalua.in\/blog\/extremamente-alto-incrivelmente-perto-2\/\" class=\"more-link\">Continuar lendo <span class=\"screen-reader-text\">Extremamente Alto &#038; Incrivelmente Perto<\/span><\/a><\/p>\n","protected":false},"author":1,"featured_media":0,"comment_status":"open","ping_status":"open","sticky":false,"template":"","format":"standard","meta":{"footnotes":""},"categories":[42],"tags":[],"class_list":["post-1142","post","type-post","status-publish","format-standard","hentry","category-literatura"],"_links":{"self":[{"href":"https:\/\/nalua.in\/blog\/wp-json\/wp\/v2\/posts\/1142","targetHints":{"allow":["GET"]}}],"collection":[{"href":"https:\/\/nalua.in\/blog\/wp-json\/wp\/v2\/posts"}],"about":[{"href":"https:\/\/nalua.in\/blog\/wp-json\/wp\/v2\/types\/post"}],"author":[{"embeddable":true,"href":"https:\/\/nalua.in\/blog\/wp-json\/wp\/v2\/users\/1"}],"replies":[{"embeddable":true,"href":"https:\/\/nalua.in\/blog\/wp-json\/wp\/v2\/comments?post=1142"}],"version-history":[{"count":0,"href":"https:\/\/nalua.in\/blog\/wp-json\/wp\/v2\/posts\/1142\/revisions"}],"wp:attachment":[{"href":"https:\/\/nalua.in\/blog\/wp-json\/wp\/v2\/media?parent=1142"}],"wp:term":[{"taxonomy":"category","embeddable":true,"href":"https:\/\/nalua.in\/blog\/wp-json\/wp\/v2\/categories?post=1142"},{"taxonomy":"post_tag","embeddable":true,"href":"https:\/\/nalua.in\/blog\/wp-json\/wp\/v2\/tags?post=1142"}],"curies":[{"name":"wp","href":"https:\/\/api.w.org\/{rel}","templated":true}]}}